{"id":201938,"date":"2022-07-21T19:45:42","date_gmt":"2022-07-21T22:45:42","guid":{"rendered":"https:\/\/diarioregionaldigital.com.br\/?p=201938"},"modified":"2022-07-21T19:45:42","modified_gmt":"2022-07-21T22:45:42","slug":"numero-de-usuarios-do-pix-chega-a-51-milhoes-em-marco","status":"publish","type":"post","link":"https:\/\/diarioregionaldigital.com.br\/?p=201938","title":{"rendered":"N\u00famero de usu\u00e1rios do Pix chega a 51 milh\u00f5es em mar\u00e7o"},"content":{"rendered":"<p>Em funcionamento desde novembro de 2020, o Pix (sistema de transfer\u00eancias instant\u00e2neas do Banco Central) continua a atrair cada vez mais correntistas. Em mar\u00e7o deste ano, o n\u00famero de usu\u00e1rios com chaves Pix cadastradas somou 51 milh\u00f5es, com alta de 72% em rela\u00e7\u00e3o ao mesmo m\u00eas de 2021.<\/p>\n<p>Os dados foram divulgados no terceiro volume da Pesquisa de Tecnologia Banc\u00e1ria, realizada pela Federa\u00e7\u00e3o Brasileira de Bancos (Febraban) e pela empresa de consultoria e auditoria Deloitte. A pesquisa difere das estat\u00edsticas oficiais porque o Banco Central divulga apenas o n\u00famero total de chaves Pix e de usu\u00e1rios cadastrados no Diret\u00f3rio de Identificadores de Contas Transacionais (DICT).<\/p>\n<p>Como cada pessoa f\u00edsica pode ter at\u00e9 cinco chaves para cada conta e cada pessoa jur\u00eddica pode ter at\u00e9 20, a contagem do Banco Central vem com duplicidade de informa\u00e7\u00f5es. O DICT tamb\u00e9m n\u00e3o fornece o n\u00famero de usu\u00e1rios efetivos do Pix, mas os correntistas aptos a cadastrarem as chaves.<\/p>\n<p>Segundo a pesquisa, n\u00e3o apenas o n\u00famero de usu\u00e1rios est\u00e1 crescendo, mas tamb\u00e9m a utiliza\u00e7\u00e3o individual do Pix. Em mar\u00e7o de 2021, apenas 2% dos correntistas tinham recebido mais de 30 Pix. No mesmo m\u00eas deste ano, a propor\u00e7\u00e3o subiu para 6%.<\/p>\n<p>De acordo com o levantamento, o crescimento do Pix concentrou-se nas pessoas f\u00edsicas, cujo n\u00famero de usu\u00e1rios subiu mais que o das pessoas jur\u00eddicas. No entanto, o n\u00famero de empresas que v\u00e3o aderir ao servi\u00e7o de transfer\u00eancia instant\u00e2nea dever\u00e1 subir mais a partir de 2023, porque as companhias ter\u00e3o terminado de adaptar os sistemas financeiros ao Pix.<img decoding=\"async\" src=\"https:\/\/agenciabrasil.ebc.com.br\/ebc.png?id=1471949&amp;o=node\" \/><img decoding=\"async\" src=\"https:\/\/agenciabrasil.ebc.com.br\/ebc.gif?id=1471949&amp;o=node\" \/><\/p>\n<p><span style=\"font-weight: 400;\"><br \/>\n<\/span><span style=\"font-weight: 400;\">Fonte: Ag\u00eancia Brasil <\/span><\/p>\n","protected":false},"excerpt":{"rendered":"<p>Em funcionamento desde novembro de 2020, o Pix (sistema de transfer\u00eancias instant\u00e2neas do Banco Central) continua a atrair cada vez mais correntistas. Em mar\u00e7o deste ano, o n\u00famero de usu\u00e1rios com chaves Pix cadastradas somou 51 milh\u00f5es, com alta de 72% em rela\u00e7\u00e3o ao mesmo m\u00eas de 2021. Os dados foram divulgados no terceiro volume [&hellip;]<\/p>\n","protected":false},"author":246,"featured_media":201939,"comment_status":"closed","ping_status":"closed","sticky":false,"template":"","format":"standard","meta":{"footnotes":""},"categories":[436,261,439],"tags":[],"class_list":["post-201938","post","type-post","status-publish","format-standard","has-post-thumbnail","hentry","category-destaque-da-semana","category-economia","category-ultima-hora"],"_links":{"self":[{"href":"https:\/\/diarioregionaldigital.com.br\/index.php?rest_route=\/wp\/v2\/posts\/201938","targetHints":{"allow":["GET"]}}],"collection":[{"href":"https:\/\/diarioregionaldigital.com.br\/index.php?rest_route=\/wp\/v2\/posts"}],"about":[{"href":"https:\/\/diarioregionaldigital.com.br\/index.php?rest_route=\/wp\/v2\/types\/post"}],"author":[{"embeddable":true,"href":"https:\/\/diarioregionaldigital.com.br\/index.php?rest_route=\/wp\/v2\/users\/246"}],"replies":[{"embeddable":true,"href":"https:\/\/diarioregionaldigital.com.br\/index.php?rest_route=%2Fwp%2Fv2%2Fcomments&post=201938"}],"version-history":[{"count":2,"href":"https:\/\/diarioregionaldigital.com.br\/index.php?rest_route=\/wp\/v2\/posts\/201938\/revisions"}],"predecessor-version":[{"id":201941,"href":"https:\/\/diarioregionaldigital.com.br\/index.php?rest_route=\/wp\/v2\/posts\/201938\/revisions\/201941"}],"wp:featuredmedia":[{"embeddable":true,"href":"https:\/\/diarioregionaldigital.com.br\/index.php?rest_route=\/wp\/v2\/media\/201939"}],"wp:attachment":[{"href":"https:\/\/diarioregionaldigital.com.br\/index.php?rest_route=%2Fwp%2Fv2%2Fmedia&parent=201938"}],"wp:term":[{"taxonomy":"category","embeddable":true,"href":"https:\/\/diarioregionaldigital.com.br\/index.php?rest_route=%2Fwp%2Fv2%2Fcategories&post=201938"},{"taxonomy":"post_tag","embeddable":true,"href":"https:\/\/diarioregionaldigital.com.br\/index.php?rest_route=%2Fwp%2Fv2%2Ftags&post=201938"}],"curies":[{"name":"wp","href":"https:\/\/api.w.org\/{rel}","templated":true}]}}