{"id":201932,"date":"2022-07-21T19:39:05","date_gmt":"2022-07-21T22:39:05","guid":{"rendered":"https:\/\/diarioregionaldigital.com.br\/?p=201932"},"modified":"2022-07-21T19:39:05","modified_gmt":"2022-07-21T22:39:05","slug":"entorno-regional-e-prioritario-diz-bolsonaro-em-reuniao-do-mercosul","status":"publish","type":"post","link":"https:\/\/diarioregionaldigital.com.br\/?p=201932","title":{"rendered":"Entorno regional \u00e9 priorit\u00e1rio, diz Bolsonaro em reuni\u00e3o do Mercosul"},"content":{"rendered":"<p>Em v\u00eddeo enviado \u00e0\u00a0<a href=\"https:\/\/agenciabrasil.ebc.com.br\/internacional\/noticia\/2022-07\/presidentes-se-reunem-na-60a-cupula-do-mercosul-no-paraguai\" target=\"_blank\" rel=\"noopener\">60\u00aa C\u00fapula de Chefes de Estado do Mercosul<\/a>, que ocorreu hoje\u00a0(21), no Paraguai, o presidente da Rep\u00fablica Jair Bolsonaro declarou que o Brasil tem atuado para que o bloco sul-americano tenha um \u201cpapel importante no enfrentamento dos atuais choques externos.\u201d<img decoding=\"async\" src=\"https:\/\/agenciabrasil.ebc.com.br\/ebc.png?id=1471962&amp;o=node\" \/><img decoding=\"async\" src=\"https:\/\/agenciabrasil.ebc.com.br\/ebc.gif?id=1471962&amp;o=node\" \/><\/p>\n<p>Referindo-se \u00e0 alta inflacion\u00e1ria global em consequ\u00eancia dos reflexos da pandemia da covid-19 e da invas\u00e3o russa \u00e0 Ucr\u00e2nia, Bolsonaro disse que o mundo vive \u201cum momento desafiador\u201d e, portanto, \u201cprecisa de mais com\u00e9rcio e investimentos.\u201d<\/p>\n<p>\u201cPor isso, ao longo do \u00faltimo semestre, trabalhamos com afinco para a conclus\u00e3o de acordo moderno com Singapura\u201d, disse o presidente brasileiro, referindo-se a uma das iniciativas anunciadas\u00a0durante a c\u00fapula: a conclus\u00e3o das negocia\u00e7\u00f5es para a assinatura de um\u00a0<a href=\"https:\/\/agenciabrasil.ebc.com.br\/internacional\/noticia\/2022-07\/mercosul-e-singapura-fecham-negociacao-para-acordo-de-livre-comercio\" target=\"_blank\" rel=\"noopener\">acordo de livre com\u00e9rcio entre os pa\u00edses do Mercosul e Singapura<\/a>, no sudeste asi\u00e1tico.<\/p>\n<p>O Brasil tamb\u00e9m apoiou outra das iniciativas aprovadas ontem\u00a0(20), durante a reuni\u00e3o ordin\u00e1ria do Conselho do Mercado Comum, evento que precedeu a C\u00fapula de Chefes de Estado: um acordo para\u00a0<a href=\"https:\/\/agenciabrasil.ebc.com.br\/internacional\/noticia\/2022-07\/mercosul-aprova-reducao-de-tarifas-de-importacao-em-10\" target=\"_blank\" rel=\"noopener\">reduzir em 10% a al\u00edquota da Tarifa Externa Comum (TEC)<\/a>, tributo que, salvo exce\u00e7\u00f5es acordadas, incide sobre mercadores importadas de outras na\u00e7\u00f5es de fora do bloco sul-americano e varia conforme o produto.<\/p>\n<p>\u201cO Brasil tem atuado para que o Mercosul tenha papel importante no enfrentamento dos atuais choques externos. Por isso, defendemos a redu\u00e7\u00e3o da Tarifa Externa Comum, o que dar\u00e1 uma importante contribui\u00e7\u00e3o ao combate \u00e0 infla\u00e7\u00e3o [regional]\u201d, comentou Bolsonaro antes de assegurar que o Brasil tem conferido prioridade \u00e0s negocia\u00e7\u00f5es com grandes parceiros comerciais do Mercosul e regi\u00e3o.<\/p>\n<p>\u201cNosso entorno regional \u00e9 priorit\u00e1rio. Ainda mais no atual cen\u00e1rio. Precisamos continuar ampliando nossos fluxos de com\u00e9rcio e de investimentos na Am\u00e9rica Latina e Caribe, fortalecendo as cadeias regionais de valor e reduzindo nossas vulnerabilidades externas a crises\u201d, acrescentou o presidente, que finalizou o v\u00eddeo parabenizando o Paraguai pelos resultados alcan\u00e7ados durante os seis meses em que o pa\u00eds ocupou a presid\u00eancia rotativa do bloco sul-americano \u2013 posi\u00e7\u00e3o que, pelos pr\u00f3ximos seis meses, ser\u00e1 ocupada pelo Uruguai.<\/p>\n<p><span style=\"font-weight: 400;\">Fonte: Ag\u00eancia Brasil <\/span><\/p>\n","protected":false},"excerpt":{"rendered":"<p>Em v\u00eddeo enviado \u00e0\u00a060\u00aa C\u00fapula de Chefes de Estado do Mercosul, que ocorreu hoje\u00a0(21), no Paraguai, o presidente da Rep\u00fablica Jair Bolsonaro declarou que o Brasil tem atuado para que o bloco sul-americano tenha um \u201cpapel importante no enfrentamento dos atuais choques externos.\u201d Referindo-se \u00e0 alta inflacion\u00e1ria global em consequ\u00eancia dos reflexos da pandemia da [&hellip;]<\/p>\n","protected":false},"author":246,"featured_media":201933,"comment_status":"closed","ping_status":"closed","sticky":false,"template":"","format":"standard","meta":{"footnotes":""},"categories":[436,440,261,439],"tags":[],"class_list":["post-201932","post","type-post","status-publish","format-standard","has-post-thumbnail","hentry","category-destaque-da-semana","category-destaques-do-dia","category-economia","category-ultima-hora"],"_links":{"self":[{"href":"https:\/\/diarioregionaldigital.com.br\/index.php?rest_route=\/wp\/v2\/posts\/201932","targetHints":{"allow":["GET"]}}],"collection":[{"href":"https:\/\/diarioregionaldigital.com.br\/index.php?rest_route=\/wp\/v2\/posts"}],"about":[{"href":"https:\/\/diarioregionaldigital.com.br\/index.php?rest_route=\/wp\/v2\/types\/post"}],"author":[{"embeddable":true,"href":"https:\/\/diarioregionaldigital.com.br\/index.php?rest_route=\/wp\/v2\/users\/246"}],"replies":[{"embeddable":true,"href":"https:\/\/diarioregionaldigital.com.br\/index.php?rest_route=%2Fwp%2Fv2%2Fcomments&post=201932"}],"version-history":[{"count":1,"href":"https:\/\/diarioregionaldigital.com.br\/index.php?rest_route=\/wp\/v2\/posts\/201932\/revisions"}],"predecessor-version":[{"id":201934,"href":"https:\/\/diarioregionaldigital.com.br\/index.php?rest_route=\/wp\/v2\/posts\/201932\/revisions\/201934"}],"wp:featuredmedia":[{"embeddable":true,"href":"https:\/\/diarioregionaldigital.com.br\/index.php?rest_route=\/wp\/v2\/media\/201933"}],"wp:attachment":[{"href":"https:\/\/diarioregionaldigital.com.br\/index.php?rest_route=%2Fwp%2Fv2%2Fmedia&parent=201932"}],"wp:term":[{"taxonomy":"category","embeddable":true,"href":"https:\/\/diarioregionaldigital.com.br\/index.php?rest_route=%2Fwp%2Fv2%2Fcategories&post=201932"},{"taxonomy":"post_tag","embeddable":true,"href":"https:\/\/diarioregionaldigital.com.br\/index.php?rest_route=%2Fwp%2Fv2%2Ftags&post=201932"}],"curies":[{"name":"wp","href":"https:\/\/api.w.org\/{rel}","templated":true}]}}