{"id":201917,"date":"2022-07-20T20:18:50","date_gmt":"2022-07-20T23:18:50","guid":{"rendered":"https:\/\/diarioregionaldigital.com.br\/?p=201917"},"modified":"2022-07-20T20:18:50","modified_gmt":"2022-07-20T23:18:50","slug":"linhares-e-outros-oito-bairros-recebem-operacao-tapa-buracos-da-pjf","status":"publish","type":"post","link":"https:\/\/diarioregionaldigital.com.br\/?p=201917","title":{"rendered":"Linhares e outros oito bairros recebem opera\u00e7\u00e3o tapa-buracos da PJF"},"content":{"rendered":"<p>Segundo informa\u00e7\u00f5es do site da Prefeitura de Juiz de Fora (PJF), a opera\u00e7\u00e3o tapa-buracos segue levando melhorias para Juiz de Fora. Nesta quarta-feira, 20, a rua Diva Garcia, principal via de acesso do bairro Linhares, recebeu as a\u00e7\u00f5es da Prefeitura de Juiz de Fora (PJF), e pedestres e motoristas j\u00e1 podem perceber a diferen\u00e7a.<\/p>\n<p>Ainda nesta quarta, as equipes da Empresa Municipal de Pavimenta\u00e7\u00e3o e Urbanidades (Empav) tamb\u00e9m estiveram em outros oito bairros, incluindo Santa Rita, Nova Calif\u00f3rnia e Bela Aurora.<br \/>\n<strong>Veja abaixo outros bairros atendidos pela opera\u00e7\u00e3o tapa-buracos nesta quarta-feira, 20:<\/strong><br \/>\nCidade do Sol<\/p>\n<p>Bela Aurora<\/p>\n<p>Teixeiras<\/p>\n<p>Vila Ozanan<\/p>\n<p>Dom Bosco<\/p>\n<p>S\u00e3o Mateus<br \/>\n<strong>Pavimenta\u00e7\u00e3o no Miguel Marinho<\/strong><\/p>\n<p>Al\u00e9m das sete equipes de tapa-buraco que atuaram nas ruas de Juiz de Fora nesta quarta-feira, trabalhadores da Empav seguem com servi\u00e7o de pavimenta\u00e7\u00e3o na Rua Coronel Sebasti\u00e3o Halfeld, no bairro Miguel Marinho. Ap\u00f3s a conclus\u00e3o dessa via, outras duas ruas do bairro tamb\u00e9m ser\u00e3o pavimentadas.<\/p>\n<p>Os trabalhos seguem em andamento em v\u00e1rios pontos da cidade e a programa\u00e7\u00e3o completa das atividades realizadas pela Empav pode ser acompanhada diariamente atrav\u00e9s da p\u00e1gina do Gabinete de A\u00e7\u00e3o e Di\u00e1logo Comunit\u00e1rio, pelo<strong><a href=\"https:\/\/www.pjf.mg.gov.br\/gabinetecomunitario\/#onde\">\u00a0link<\/a><\/strong>.<\/p>\n<p>Todas as a\u00e7\u00f5es de reestrutura\u00e7\u00e3o, urbaniza\u00e7\u00e3o e zeladoria realizadas pela Empresa Municipal de Pavimenta\u00e7\u00e3o e Urbanidades (Empav) fazem parte do Programa Boniteza. Estes e outros servi\u00e7os podem ser solicitados atrav\u00e9s do Gabinete de A\u00e7\u00e3o e Di\u00e1logo Comunit\u00e1rio, que recebe e organiza pedidos relativos a interven\u00e7\u00f5es e melhorias urbanas. O contato pode ser feito por liga\u00e7\u00e3o telef\u00f4nica, pelo n\u00famero (32) 3690-7241 ou, ainda, via WhatsApp, utilizando o mesmo n\u00famero.<\/p>\n","protected":false},"excerpt":{"rendered":"<p>Segundo informa\u00e7\u00f5es do site da Prefeitura de Juiz de Fora (PJF), a opera\u00e7\u00e3o tapa-buracos segue levando melhorias para Juiz de Fora. Nesta quarta-feira, 20, a rua Diva Garcia, principal via de acesso do bairro Linhares, recebeu as a\u00e7\u00f5es da Prefeitura de Juiz de Fora (PJF), e pedestres e motoristas j\u00e1 podem perceber a diferen\u00e7a. Ainda [&hellip;]<\/p>\n","protected":false},"author":246,"featured_media":201918,"comment_status":"closed","ping_status":"closed","sticky":false,"template":"","format":"standard","meta":{"footnotes":""},"categories":[253,436,439],"tags":[],"class_list":["post-201917","post","type-post","status-publish","format-standard","has-post-thumbnail","hentry","category-cidade","category-destaque-da-semana","category-ultima-hora"],"_links":{"self":[{"href":"https:\/\/diarioregionaldigital.com.br\/index.php?rest_route=\/wp\/v2\/posts\/201917","targetHints":{"allow":["GET"]}}],"collection":[{"href":"https:\/\/diarioregionaldigital.com.br\/index.php?rest_route=\/wp\/v2\/posts"}],"about":[{"href":"https:\/\/diarioregionaldigital.com.br\/index.php?rest_route=\/wp\/v2\/types\/post"}],"author":[{"embeddable":true,"href":"https:\/\/diarioregionaldigital.com.br\/index.php?rest_route=\/wp\/v2\/users\/246"}],"replies":[{"embeddable":true,"href":"https:\/\/diarioregionaldigital.com.br\/index.php?rest_route=%2Fwp%2Fv2%2Fcomments&post=201917"}],"version-history":[{"count":1,"href":"https:\/\/diarioregionaldigital.com.br\/index.php?rest_route=\/wp\/v2\/posts\/201917\/revisions"}],"predecessor-version":[{"id":201919,"href":"https:\/\/diarioregionaldigital.com.br\/index.php?rest_route=\/wp\/v2\/posts\/201917\/revisions\/201919"}],"wp:featuredmedia":[{"embeddable":true,"href":"https:\/\/diarioregionaldigital.com.br\/index.php?rest_route=\/wp\/v2\/media\/201918"}],"wp:attachment":[{"href":"https:\/\/diarioregionaldigital.com.br\/index.php?rest_route=%2Fwp%2Fv2%2Fmedia&parent=201917"}],"wp:term":[{"taxonomy":"category","embeddable":true,"href":"https:\/\/diarioregionaldigital.com.br\/index.php?rest_route=%2Fwp%2Fv2%2Fcategories&post=201917"},{"taxonomy":"post_tag","embeddable":true,"href":"https:\/\/diarioregionaldigital.com.br\/index.php?rest_route=%2Fwp%2Fv2%2Ftags&post=201917"}],"curies":[{"name":"wp","href":"https:\/\/api.w.org\/{rel}","templated":true}]}}