{"id":201914,"date":"2022-07-20T20:15:50","date_gmt":"2022-07-20T23:15:50","guid":{"rendered":"https:\/\/diarioregionaldigital.com.br\/?p=201914"},"modified":"2022-07-20T20:15:50","modified_gmt":"2022-07-20T23:15:50","slug":"documentario-que-registra-projeto-de-empoderamento-lgbtqia-sera-lancado-no-teatro-paschoal","status":"publish","type":"post","link":"https:\/\/diarioregionaldigital.com.br\/?p=201914","title":{"rendered":"Document\u00e1rio que registra projeto de empoderamento LGBTQIA+ ser\u00e1 lan\u00e7ado no Teatro Paschoal"},"content":{"rendered":"<p>Segundo informa\u00e7\u00f5es do site da Prefeitura de Juiz de Fora (PJF), o\u00a0videodocument\u00e1rio \u201cEmpodere-se\u201d, que registra o projeto hom\u00f4nimo, executado em Juiz de Fora com financiamento do Edital \u201cFernanda M\u00fcller de Cultura Trans\u201d, ser\u00e1 lan\u00e7ado na pr\u00f3xima sexta-feira, 22, \u00e0s 19h, no Teatro Paschoal Carlos Magno, localizado na Rua Gilberto de Alencar, atr\u00e1s da Igreja S\u00e3o Sebasti\u00e3o, no Centro. A entrada \u00e9 franca e livre para todos os interessados.<br \/>\nCom dura\u00e7\u00e3o de 32 minutos, o filme mostra a din\u00e2mica das tr\u00eas oficinas art\u00edstico-culturais oferecidas gratuitamente para o\u00a0p\u00fablico LGBTQIA+, durante os meses de mar\u00e7o e abril deste ano. Ap\u00f3s o lan\u00e7amento, o conte\u00fado ser\u00e1 disponibilizado no YouTube.<br \/>\nDe car\u00e1ter multidisciplinar, o projeto\u00a0ofereceu experimenta\u00e7\u00f5es e viv\u00eancias l\u00fadicas em tr\u00eas \u00e1reas:\u00a0visagismo, voz e corpo.\u00a0Os conte\u00fados foram ministrados por Marilia Neves (maquiagem, cabelo e design de rosto), T\u00e2nia Bicalho (prepara\u00e7\u00e3o vocal, incluindo lip sync) e Marcela Sena (prepara\u00e7\u00e3o corporal, performance e dan\u00e7a contempor\u00e2nea). O\u00a0core\u00f3grafo e bailarino R\u00f4mulo Morada, que carrega no curr\u00edculo trabalhos com artistas como Xuxa, Ivete Sangalo, Anitta, Rouge, Pablo Vittar, Majur e Kelly Key, fez uma participa\u00e7\u00e3o especial no projeto, ministrando aula no Teatro Paschoal Carlos Magno.<br \/>\nO\u00a0Edital &#8220;Fernanda Muller de Cultura Trans&#8221; foi lan\u00e7ado pela Prefeitura de Juiz de Fora (PJF), como parte da edi\u00e7\u00e3o 2021 do Programa Cultural Murilo Mendes, que \u00e9 gerido pela Funda\u00e7\u00e3o Cultural Alfredo Ferreira Lage (Funalfa). O\u00a0objetivo do edital foi fomentar a\u00e7\u00f5es e iniciativas art\u00edsticas culturais, individuais ou coletivas, promovidas pela ou para a comunidade transg\u00eanera, travesti, n\u00e3o-bin\u00e1ria, queer e ag\u00eanero.<\/p>\n","protected":false},"excerpt":{"rendered":"<p>Segundo informa\u00e7\u00f5es do site da Prefeitura de Juiz de Fora (PJF), o\u00a0videodocument\u00e1rio \u201cEmpodere-se\u201d, que registra o projeto hom\u00f4nimo, executado em Juiz de Fora com financiamento do Edital \u201cFernanda M\u00fcller de Cultura Trans\u201d, ser\u00e1 lan\u00e7ado na pr\u00f3xima sexta-feira, 22, \u00e0s 19h, no Teatro Paschoal Carlos Magno, localizado na Rua Gilberto de Alencar, atr\u00e1s da Igreja S\u00e3o [&hellip;]<\/p>\n","protected":false},"author":246,"featured_media":201915,"comment_status":"closed","ping_status":"closed","sticky":false,"template":"","format":"standard","meta":{"footnotes":""},"categories":[253,436,439],"tags":[],"class_list":["post-201914","post","type-post","status-publish","format-standard","has-post-thumbnail","hentry","category-cidade","category-destaque-da-semana","category-ultima-hora"],"_links":{"self":[{"href":"https:\/\/diarioregionaldigital.com.br\/index.php?rest_route=\/wp\/v2\/posts\/201914","targetHints":{"allow":["GET"]}}],"collection":[{"href":"https:\/\/diarioregionaldigital.com.br\/index.php?rest_route=\/wp\/v2\/posts"}],"about":[{"href":"https:\/\/diarioregionaldigital.com.br\/index.php?rest_route=\/wp\/v2\/types\/post"}],"author":[{"embeddable":true,"href":"https:\/\/diarioregionaldigital.com.br\/index.php?rest_route=\/wp\/v2\/users\/246"}],"replies":[{"embeddable":true,"href":"https:\/\/diarioregionaldigital.com.br\/index.php?rest_route=%2Fwp%2Fv2%2Fcomments&post=201914"}],"version-history":[{"count":1,"href":"https:\/\/diarioregionaldigital.com.br\/index.php?rest_route=\/wp\/v2\/posts\/201914\/revisions"}],"predecessor-version":[{"id":201916,"href":"https:\/\/diarioregionaldigital.com.br\/index.php?rest_route=\/wp\/v2\/posts\/201914\/revisions\/201916"}],"wp:featuredmedia":[{"embeddable":true,"href":"https:\/\/diarioregionaldigital.com.br\/index.php?rest_route=\/wp\/v2\/media\/201915"}],"wp:attachment":[{"href":"https:\/\/diarioregionaldigital.com.br\/index.php?rest_route=%2Fwp%2Fv2%2Fmedia&parent=201914"}],"wp:term":[{"taxonomy":"category","embeddable":true,"href":"https:\/\/diarioregionaldigital.com.br\/index.php?rest_route=%2Fwp%2Fv2%2Fcategories&post=201914"},{"taxonomy":"post_tag","embeddable":true,"href":"https:\/\/diarioregionaldigital.com.br\/index.php?rest_route=%2Fwp%2Fv2%2Ftags&post=201914"}],"curies":[{"name":"wp","href":"https:\/\/api.w.org\/{rel}","templated":true}]}}