{"id":201911,"date":"2022-07-20T20:13:03","date_gmt":"2022-07-20T23:13:03","guid":{"rendered":"https:\/\/diarioregionaldigital.com.br\/?p=201911"},"modified":"2022-07-20T20:13:03","modified_gmt":"2022-07-20T23:13:03","slug":"pjf-ja-executou-70-da-remodelacao-de-550-metros-de-redes-de-esgoto-da-rua-santana","status":"publish","type":"post","link":"https:\/\/diarioregionaldigital.com.br\/?p=201911","title":{"rendered":"PJF j\u00e1 executou 70% da remodela\u00e7\u00e3o de 550 metros de redes de esgoto da Rua Santana"},"content":{"rendered":"<p>Segundo informa\u00e7\u00f5es do site da Prefeitura de Juiz de Fora (PJF), a Prefeitura de Juiz de Fora (PJF) j\u00e1 concluiu cerca de 70% dos trabalhos de remodela\u00e7\u00e3o de 550 metros de redes de esgoto na Rua Santana, no bairro Santa Terezinha. Desde maio, a via est\u00e1 recebendo tubos de PVC ocre, com di\u00e2metro de 200 mil\u00edmetros, um porte superior ao das antigas manilhas de barro que atendiam a regi\u00e3o at\u00e9 ent\u00e3o. Assim, ser\u00e1 poss\u00edvel refor\u00e7ar os servi\u00e7os de coleta na comunidade, al\u00e9m de aumentar a vida \u00fatil da tubula\u00e7\u00e3o e facilitar sua manuten\u00e7\u00e3o.<\/p>\n<p>Atualmente, a interven\u00e7\u00e3o est\u00e1 focada no trecho acima da Rua Ouro Preto, onde ser\u00e3o implantados 280 metros de novas redes. O restante do material ser\u00e1 alocado entre as ruas Ouro Preto e Jo\u00e3o dos Santos. A previs\u00e3o \u00e9 de que os trabalhos sejam conclu\u00eddos at\u00e9 o final de agosto.<\/p>\n<p>Para a execu\u00e7\u00e3o do servi\u00e7o, ser\u00e1 preciso interditar totalmente o tr\u00e2nsito na via, de segunda a sexta-feira, das 7h \u00e0s 17h. Assim, a Companhia de Saneamento Municipal (Cesama) pede aos moradores que, se poss\u00edvel, retirem seus ve\u00edculos da rua antes do in\u00edcio dos trabalhos. A obra d\u00e1 prosseguimento \u00e0 substitui\u00e7\u00e3o de 370 metros de tubula\u00e7\u00f5es na Rua Santana, no trecho entre a Avenida Rui Barbosa e a Rua Ouro Preto, que teve in\u00edcio em meados de mar\u00e7o.<\/p>\n<p>As a\u00e7\u00f5es de remodela\u00e7\u00e3o s\u00e3o realizadas ao longo de todo o ano, seguindo programa\u00e7\u00e3o de prioridades, quando \u00e9 avaliada a necessidade de troca. Esta an\u00e1lise leva em conta a antiguidade e o desgaste do material, o fato de o dimensionamento da tubula\u00e7\u00e3o j\u00e1 n\u00e3o ser compat\u00edvel com o n\u00famero de im\u00f3veis atendidos e os transtornos causados aos usu\u00e1rios do sistema, al\u00e9m dos custos de manuten\u00e7\u00e3o.<\/p>\n","protected":false},"excerpt":{"rendered":"<p>Segundo informa\u00e7\u00f5es do site da Prefeitura de Juiz de Fora (PJF), a Prefeitura de Juiz de Fora (PJF) j\u00e1 concluiu cerca de 70% dos trabalhos de remodela\u00e7\u00e3o de 550 metros de redes de esgoto na Rua Santana, no bairro Santa Terezinha. Desde maio, a via est\u00e1 recebendo tubos de PVC ocre, com di\u00e2metro de 200 [&hellip;]<\/p>\n","protected":false},"author":246,"featured_media":201912,"comment_status":"closed","ping_status":"closed","sticky":false,"template":"","format":"standard","meta":{"footnotes":""},"categories":[253,436,439],"tags":[],"class_list":["post-201911","post","type-post","status-publish","format-standard","has-post-thumbnail","hentry","category-cidade","category-destaque-da-semana","category-ultima-hora"],"_links":{"self":[{"href":"https:\/\/diarioregionaldigital.com.br\/index.php?rest_route=\/wp\/v2\/posts\/201911","targetHints":{"allow":["GET"]}}],"collection":[{"href":"https:\/\/diarioregionaldigital.com.br\/index.php?rest_route=\/wp\/v2\/posts"}],"about":[{"href":"https:\/\/diarioregionaldigital.com.br\/index.php?rest_route=\/wp\/v2\/types\/post"}],"author":[{"embeddable":true,"href":"https:\/\/diarioregionaldigital.com.br\/index.php?rest_route=\/wp\/v2\/users\/246"}],"replies":[{"embeddable":true,"href":"https:\/\/diarioregionaldigital.com.br\/index.php?rest_route=%2Fwp%2Fv2%2Fcomments&post=201911"}],"version-history":[{"count":1,"href":"https:\/\/diarioregionaldigital.com.br\/index.php?rest_route=\/wp\/v2\/posts\/201911\/revisions"}],"predecessor-version":[{"id":201913,"href":"https:\/\/diarioregionaldigital.com.br\/index.php?rest_route=\/wp\/v2\/posts\/201911\/revisions\/201913"}],"wp:featuredmedia":[{"embeddable":true,"href":"https:\/\/diarioregionaldigital.com.br\/index.php?rest_route=\/wp\/v2\/media\/201912"}],"wp:attachment":[{"href":"https:\/\/diarioregionaldigital.com.br\/index.php?rest_route=%2Fwp%2Fv2%2Fmedia&parent=201911"}],"wp:term":[{"taxonomy":"category","embeddable":true,"href":"https:\/\/diarioregionaldigital.com.br\/index.php?rest_route=%2Fwp%2Fv2%2Fcategories&post=201911"},{"taxonomy":"post_tag","embeddable":true,"href":"https:\/\/diarioregionaldigital.com.br\/index.php?rest_route=%2Fwp%2Fv2%2Ftags&post=201911"}],"curies":[{"name":"wp","href":"https:\/\/api.w.org\/{rel}","templated":true}]}}