{"id":201906,"date":"2022-07-20T20:10:14","date_gmt":"2022-07-20T23:10:14","guid":{"rendered":"https:\/\/diarioregionaldigital.com.br\/?p=201906"},"modified":"2022-07-21T09:39:47","modified_gmt":"2022-07-21T12:39:47","slug":"smu-divulga-horario-especial-para-o-23o-encontro-de-cavaleiros-e-amazonas-de-igrejinha","status":"publish","type":"post","link":"https:\/\/diarioregionaldigital.com.br\/?p=201906","title":{"rendered":"SMU divulga hor\u00e1rio especial para o 23\u00ba Encontro de Cavaleiros e Amazonas de Igrejinha"},"content":{"rendered":"<p>Segundo informa\u00e7\u00f5es do site da Prefeitura de Juiz de Fora (PJF), come\u00e7a nesta quinta-feira, 21, com dura\u00e7\u00e3o at\u00e9 domingo, 24, o \u201c23\u00ba Encontro de Cavaleiros e Amazonas\u201d de Igrejinha. Em virtude disso, a Secretaria de Mobilidade Urbana (SMU) informa que a linha 726 &#8211; Igrejinha, contar\u00e1 com a disponibilidade de hor\u00e1rios para o p\u00fablico do evento.<\/p>\n<p>No primeiro dia de festividade, quinta-feira, 21, ser\u00e1 disponibilizado \u00f4nibus saindo do centro \u00e0s 21h45. Na sexta-feira, 22, o transporte sair\u00e1 do bairro \u00e0s 03h, seguindo para o Centro e retornando \u00e0s 04h para o bairro.<\/p>\n<p>No s\u00e1bado o atendimento especial ocorrer\u00e1 \u00e0s 03h30 seguindo para o centro e recolhendo \u00e0s 04h30. No \u00faltimo dia de evento, o transporte ser\u00e1 disponibilizado \u00e0s 23h com recolhimento no Centro.<\/p>\n","protected":false},"excerpt":{"rendered":"<p>Segundo informa\u00e7\u00f5es do site da Prefeitura de Juiz de Fora (PJF), come\u00e7a nesta quinta-feira, 21, com dura\u00e7\u00e3o at\u00e9 domingo, 24, o \u201c23\u00ba Encontro de Cavaleiros e Amazonas\u201d de Igrejinha. Em virtude disso, a Secretaria de Mobilidade Urbana (SMU) informa que a linha 726 &#8211; Igrejinha, contar\u00e1 com a disponibilidade de hor\u00e1rios para o p\u00fablico do [&hellip;]<\/p>\n","protected":false},"author":246,"featured_media":201907,"comment_status":"closed","ping_status":"closed","sticky":false,"template":"","format":"standard","meta":{"footnotes":""},"categories":[253,436,440,439],"tags":[],"class_list":["post-201906","post","type-post","status-publish","format-standard","has-post-thumbnail","hentry","category-cidade","category-destaque-da-semana","category-destaques-do-dia","category-ultima-hora"],"_links":{"self":[{"href":"https:\/\/diarioregionaldigital.com.br\/index.php?rest_route=\/wp\/v2\/posts\/201906","targetHints":{"allow":["GET"]}}],"collection":[{"href":"https:\/\/diarioregionaldigital.com.br\/index.php?rest_route=\/wp\/v2\/posts"}],"about":[{"href":"https:\/\/diarioregionaldigital.com.br\/index.php?rest_route=\/wp\/v2\/types\/post"}],"author":[{"embeddable":true,"href":"https:\/\/diarioregionaldigital.com.br\/index.php?rest_route=\/wp\/v2\/users\/246"}],"replies":[{"embeddable":true,"href":"https:\/\/diarioregionaldigital.com.br\/index.php?rest_route=%2Fwp%2Fv2%2Fcomments&post=201906"}],"version-history":[{"count":1,"href":"https:\/\/diarioregionaldigital.com.br\/index.php?rest_route=\/wp\/v2\/posts\/201906\/revisions"}],"predecessor-version":[{"id":201908,"href":"https:\/\/diarioregionaldigital.com.br\/index.php?rest_route=\/wp\/v2\/posts\/201906\/revisions\/201908"}],"wp:featuredmedia":[{"embeddable":true,"href":"https:\/\/diarioregionaldigital.com.br\/index.php?rest_route=\/wp\/v2\/media\/201907"}],"wp:attachment":[{"href":"https:\/\/diarioregionaldigital.com.br\/index.php?rest_route=%2Fwp%2Fv2%2Fmedia&parent=201906"}],"wp:term":[{"taxonomy":"category","embeddable":true,"href":"https:\/\/diarioregionaldigital.com.br\/index.php?rest_route=%2Fwp%2Fv2%2Fcategories&post=201906"},{"taxonomy":"post_tag","embeddable":true,"href":"https:\/\/diarioregionaldigital.com.br\/index.php?rest_route=%2Fwp%2Fv2%2Ftags&post=201906"}],"curies":[{"name":"wp","href":"https:\/\/api.w.org\/{rel}","templated":true}]}}