{"id":201903,"date":"2022-07-20T20:00:02","date_gmt":"2022-07-20T23:00:02","guid":{"rendered":"https:\/\/diarioregionaldigital.com.br\/?p=201903"},"modified":"2022-07-20T20:00:02","modified_gmt":"2022-07-20T23:00:02","slug":"alison-dos-santos-faz-historia-e-se-torna-campeao-mundial-dos-400m-com-barreiras","status":"publish","type":"post","link":"https:\/\/diarioregionaldigital.com.br\/?p=201903","title":{"rendered":"Alison dos Santos faz hist\u00f3ria e se torna campe\u00e3o mundial dos 400m com barreiras"},"content":{"rendered":"<p>Depois de ser um dos\u00a0<strong><a class=\"internal-link\" title=\"\" href=\"http:\/\/rededoesporte.gov.br\/pt-br\/noticias\/alison-dos-santos-e-bronze-na-prova-mais-rapida-da-historia-dos-400m-com-barreira\" target=\"_self\" rel=\"noopener\">protagonistas da prova mais r\u00e1pida de todos os tempos nos 400m com barreiras na final dos Jogos Ol\u00edmpicos de T\u00f3quio<\/a><\/strong> e voltar para o Brasil com um bronze, Alison dos Santos escalou v\u00e1rios degraus nesta ter\u00e7a-feira, 19.07, nos Estados Unidos.\u00a0No Mundial disputado em Eugene, o brasileiro deixou para tr\u00e1s o americano Rai Benjaim, ignorou a presen\u00e7a do recordista mundial, o noruegu\u00eas Karsten Warholm, e cruzou a linha de chegada em primeiro com 46s29.<\/p>\n<p dir=\"ltr\">O noruegu\u00eas, que liderava a prova, perdeu rendimento na \u00faltima curva, esbarrou numa barreira e ficou fora do p\u00f3dio, que se completou com dois americanos. Assim como em T\u00f3quio, Rai Benjamin levou a prata (46s89). A novidade foi Travor Bassit (47s39) cruzar a linha de chegada em terceiro.<\/p>\n<p dir=\"ltr\">&#8220;Sabe quando voc\u00ea sonha com alguma coisa, quando voc\u00ea acorda todo dia da sua vida pensando em um momento, no que tem de fazer para alcan\u00e7ar aquilo? Eu estava nessa temporada dessa maneira, sonhando com esse resultado, com essa vit\u00f3ria, com o lugar mais alto do p\u00f3dio. Eu sabia que era poss\u00edvel&#8221;, disse Alison, em entrevista ao Sportv ap\u00f3s a prova.<\/p>\n<p dir=\"ltr\">O tempo do atleta de 22 anos e 2,00m de altura \u00e9 o melhor j\u00e1 registrado na prova na hist\u00f3ria de campeonatos mundiais.\u00a0 \u00c9 o terceiro melhor de todos os tempos. Determina um novo recorde sul-americano. Estabelece a melhor marca da temporada em que Alison lidera o ranking. E permite ao brasileiro sonhar ainda mais alto, inclusive em superar os 45s94 registrados por Warholm na final ol\u00edmpica do Jap\u00e3o.<\/p>\n<p dir=\"ltr\">\u201cFalo muito com meu treinador (Felipe de Siqueira). A gente sempre conversou de querer fazer hist\u00f3ria. A gente quer ser uma lenda, deixar o nome para daqui a 30, 40, 50 anos, as pessoas se lembrarem do Alison dos Santos, dos 400m com barreiras, do que a gente fez na pista. E tem de come\u00e7ar cedo. N\u00e3o d\u00e1 para esperar 2024, 2028.\u00a0Essa marca de 45s \u00e9 poss\u00edvel. Em algum momento 46s foi distante, hoje n\u00e3o \u00e9.\u00a0As portas est\u00e3o abertas. Se o Warholm corre 45s, eu e o Benjamim tamb\u00e9m podemos.\u00a0A pergunta n\u00e3o \u00e9 nem se \u00e9 poss\u00edvel, mas quando&#8221;, sentenciou.<\/p>\n<p dir=\"ltr\">O resultado em Eugene d\u00e1 ao Brasil um t\u00edtulo mundial que n\u00e3o vinha no atletismo desde a fa\u00e7anha de Fabiana Murer no salto com vara em 2011. A medalha de Alison \u00e9 a 14\u00aa do Brasil na hist\u00f3ria dos mundiais, iniciada em 1983, em Helsinque, na Finl\u00e2ndia. O pa\u00eds soma dois ouros, seis pratas e seis bronzes.<\/p>\n<p class=\"callout\" dir=\"ltr\">Alison \u00e9 integrante da categoria P\u00f3dio, a principal do programa Bolsa Atleta, da Secretaria Especial do Esporte do Minist\u00e9rio da Cidadania. Voltada para esportistas que se qualificam entre os 20 melhores do mundo em suas modalidades, a Bolsa P\u00f3dio garante um repasse mensal de R$ 5 mil a R$ 15 mil para os atletas, de acordo com os resultados apresentados. No edital de 2022, h\u00e1 353 contemplados, entre atletas ol\u00edmpicos e paral\u00edmpicos.<\/p>\n<p>&#8220;N\u00e3o se ganha nada sozinho. Esse resultado \u00e9 um trabalho de uma equipe. Por isso, queria agradecer a todos os que participaram. A Adidas, a Marinha, que est\u00e1 comigo, o Bolsa Atleta, o clube, a todos os que participam comigo cotidianamente&#8221;, disse Alison.<\/p>\n<p><strong>Crescimento consistente<\/strong><\/p>\n<p dir=\"ltr\">Para chegar ao resultado, Alison guardou todas as energias para Eugene. N\u00e3o competiu na temporada indoor, em pista coberta, nos primeiros meses do ano. Iniciou a prepara\u00e7\u00e3o em outubro de 2021, em S\u00e3o Paulo, e prosseguiu depois em Chula Vista, no Centro Ol\u00edmpico de Treinamento dos Estados Unidos, na regi\u00e3o de San Diego, a partir de mar\u00e7o.<\/p>\n<blockquote class=\"pullquote\"><p>\u201cEssa marca de 45s \u00e9 poss\u00edvel. Em algum momento 46s foi distante, hoje n\u00e3o \u00e9.\u00a0A pergunta n\u00e3o \u00e9 nem se \u00e9 poss\u00edvel, mas quando vamos chegar. As portas est\u00e3o abertas. Se o Warholm corre 45s, eu, o Benjamim tamb\u00e9m podemos correr. Ent\u00e3o a pergunta \u00e9 quando&#8221;<\/p><\/blockquote>\n<p dir=\"ltr\">Tamb\u00e9m ficou alguns dias, entre as etapas de Oslo e Estocolmo da Liga Diamante em junho, num centro de treinamento na Turquia, numa prepara\u00e7\u00e3o elaborada pelo treinador Felipe de Siqueira da Silva, que o acompanha no dia a dia nesta temporada no exterior desde mar\u00e7o.<\/p>\n<p dir=\"ltr\">Piu, como \u00e9 conhecido no atletismo, terminou invicto nos 400m com barreiras antes da final do Mundial, mas mant\u00e9m o foco para os Jogos Ol\u00edmpicos de Paris-2024. Antes, ele tentar\u00e1 o bicampeonato dos Jogos Pan-Americanos de Santiago-2023.<\/p>\n<p dir=\"ltr\"><strong>Ao infinito e al\u00e9m<\/strong><\/p>\n<p dir=\"ltr\">O atleta sempre gostou de sonhar alto. O bronze dos Jogos Ol\u00edmpicos de T\u00f3quio, em 2021, foi o in\u00edcio, reafirmado agora. \u201cTemos de pensar grande e trabalhar para alcan\u00e7ar os sonhos\u201d, afirmou. \u201cEm 2019, meu objetivo era o ouro no Pan-Americano Sub-20 em San Jos\u00e9, acabei ganhando e depois venci os Jogos Pan-Americanos de Lima, o Sul-Americano, a Univers\u00edade de N\u00e1poli e fui finalista no Mundial de Doha\u201d, comentou. Tudo isso aos 19 anos.<\/p>\n<p dir=\"ltr\">Medalha de ouro no revezamento 4x400m misto no Mundial Sub-18 de Nair\u00f3bi-2017, no Qu\u00eania, e bronze nos 400m com barreiras no Mundial Sub-20 de Tampere-2018, na Finl\u00e2ndia, Alison, nascido em 3 de junho de 2000, em S\u00e3o Joaquim da Barra, interior de S\u00e3o Paulo, come\u00e7ou no atletismo ao ser convidado para fazer um teste na escola e, aprovado, foi chamado para treinar. Disse que demorou quatro meses para ir, incentivado por um amigo que treinava. Foi descoberto pela t\u00e9cnica Ana Cl\u00e1udia Fid\u00e9lis, do Instituto Edson Luciano Ribeiro, em S\u00e3o Joaquim da Barra.<\/p>\n<p dir=\"ltr\">Em 2019, aos 19 anos, quebrou sete vezes o recorde sul-americano sub-20. Depois da pandemia de 2020, quando n\u00e3o competiu, em 2021 quebrou seis vezes o recorde sul-americano dos 400m com barreiras, correu oito vezes a prova abaixo dos 48 segundos e obteve a terceira melhor marca da hist\u00f3ria no Ranking da World Athletics ao conquistar o bronze nos Jogos Ol\u00edmpicos de T\u00f3quio, com 46s72.<\/p>\n<p dir=\"ltr\">Tamb\u00e9m foi medalhista de prata com o 4x400m misto do Brasil no Mundial de Revezamentos da Sil\u00e9sia, Pol\u00f4nia, e segundo na final da Liga Diamante, dia 9 de setembro, em Zurique (SUI), superado apenas pelo noruegu\u00eas Karsten Warholm, recordista mundial, bicampe\u00e3o mundial e campe\u00e3o ol\u00edmpico.<\/p>\n<p dir=\"ltr\"><strong>Esporte e autoestima<\/strong><\/p>\n<p dir=\"ltr\">Quando tinha dez meses de idade, o \u00f3leo quente de uma panela caiu sobre Alison e causou queimaduras de terceiro grau na crian\u00e7a. As cicatrizes mais vis\u00edveis s\u00e3o em sua cabe\u00e7a e em um dos lados de seu rosto, que tem a pele um pouco mais escura. Durante muito tempo, ele foi uma crian\u00e7a t\u00edmida e retra\u00edda. Usava bon\u00e9 para n\u00e3o deixar a cabe\u00e7a vis\u00edvel. A evolu\u00e7\u00e3o que teve no atletismo foi decisiva para que ele tivesse a autoestima recuperada.<\/p>\n<p dir=\"ltr\">\u201cO atletismo me fez ser uma pessoa diferente, melhorar meu jeito de ser, entender e me aceitar mais. Antes eu realmente tinha vergonha. Ficava triste com olhares e coment\u00e1rios. Abalava a minha confian\u00e7a. Hoje, sei que isso faz parte de mim, como um s\u00edmbolo, um orgulho das lutas que venci. O atletismo me fez entender que n\u00e3o \u00e9 necess\u00e1rio ter essa timidez porque todos somos iguais, ningu\u00e9m \u00e9 melhor que ningu\u00e9m\u201d.<\/p>\n<p><span style=\"font-weight: 400;\">Fonte: Rede do Esporte <\/span><\/p>\n","protected":false},"excerpt":{"rendered":"<p>Depois de ser um dos\u00a0protagonistas da prova mais r\u00e1pida de todos os tempos nos 400m com barreiras na final dos Jogos Ol\u00edmpicos de T\u00f3quio e voltar para o Brasil com um bronze, Alison dos Santos escalou v\u00e1rios degraus nesta ter\u00e7a-feira, 19.07, nos Estados Unidos.\u00a0No Mundial disputado em Eugene, o brasileiro deixou para tr\u00e1s o americano [&hellip;]<\/p>\n","protected":false},"author":246,"featured_media":201904,"comment_status":"closed","ping_status":"closed","sticky":false,"template":"","format":"standard","meta":{"footnotes":""},"categories":[436,257,439],"tags":[],"class_list":["post-201903","post","type-post","status-publish","format-standard","has-post-thumbnail","hentry","category-destaque-da-semana","category-esporte","category-ultima-hora"],"_links":{"self":[{"href":"https:\/\/diarioregionaldigital.com.br\/index.php?rest_route=\/wp\/v2\/posts\/201903","targetHints":{"allow":["GET"]}}],"collection":[{"href":"https:\/\/diarioregionaldigital.com.br\/index.php?rest_route=\/wp\/v2\/posts"}],"about":[{"href":"https:\/\/diarioregionaldigital.com.br\/index.php?rest_route=\/wp\/v2\/types\/post"}],"author":[{"embeddable":true,"href":"https:\/\/diarioregionaldigital.com.br\/index.php?rest_route=\/wp\/v2\/users\/246"}],"replies":[{"embeddable":true,"href":"https:\/\/diarioregionaldigital.com.br\/index.php?rest_route=%2Fwp%2Fv2%2Fcomments&post=201903"}],"version-history":[{"count":1,"href":"https:\/\/diarioregionaldigital.com.br\/index.php?rest_route=\/wp\/v2\/posts\/201903\/revisions"}],"predecessor-version":[{"id":201905,"href":"https:\/\/diarioregionaldigital.com.br\/index.php?rest_route=\/wp\/v2\/posts\/201903\/revisions\/201905"}],"wp:featuredmedia":[{"embeddable":true,"href":"https:\/\/diarioregionaldigital.com.br\/index.php?rest_route=\/wp\/v2\/media\/201904"}],"wp:attachment":[{"href":"https:\/\/diarioregionaldigital.com.br\/index.php?rest_route=%2Fwp%2Fv2%2Fmedia&parent=201903"}],"wp:term":[{"taxonomy":"category","embeddable":true,"href":"https:\/\/diarioregionaldigital.com.br\/index.php?rest_route=%2Fwp%2Fv2%2Fcategories&post=201903"},{"taxonomy":"post_tag","embeddable":true,"href":"https:\/\/diarioregionaldigital.com.br\/index.php?rest_route=%2Fwp%2Fv2%2Ftags&post=201903"}],"curies":[{"name":"wp","href":"https:\/\/api.w.org\/{rel}","templated":true}]}}