{"id":201900,"date":"2022-07-20T19:57:52","date_gmt":"2022-07-20T22:57:52","guid":{"rendered":"https:\/\/diarioregionaldigital.com.br\/?p=201900"},"modified":"2022-07-20T19:57:52","modified_gmt":"2022-07-20T22:57:52","slug":"apos-saida-precoce-do-sport-lisca-e-anunciado-como-tecnico-do-santos","status":"publish","type":"post","link":"https:\/\/diarioregionaldigital.com.br\/?p=201900","title":{"rendered":"Ap\u00f3s sa\u00edda precoce do Sport, Lisca \u00e9 anunciado como t\u00e9cnico do Santos"},"content":{"rendered":"<p>O Santos anunciou, nesta\u00a0quarta-feira (20), a contrata\u00e7\u00e3o de Lisca. O t\u00e9cnico de 49 anos estava no Sport Recife, clube que dirigiu por apenas quatro jogos e que deixou na \u00faltima\u00a0ter\u00e7a-feira (19), de forma tumultuada. A dura\u00e7\u00e3o do v\u00ednculo n\u00e3o foi divulgada pelo Alvinegro.<img decoding=\"async\" src=\"https:\/\/agenciabrasil.ebc.com.br\/ebc.png?id=1471784&amp;o=node\" \/><img decoding=\"async\" src=\"https:\/\/agenciabrasil.ebc.com.br\/ebc.gif?id=1471784&amp;o=node\" \/><\/p>\n<p>O treinador inicia o trabalho no Peixe a partir de quinta-feira (21). A expectativa \u00e9 que ele estreie no comando santista no domingo (24), \u00e0s 19h (hor\u00e1rio de Bras\u00edlia), diante do Fortaleza, na Arena Castel\u00e3o, na capital cearense, pelo Campeonato Brasileiro. No jogo desta quarta-feira, contra o Botafogo, \u00e0s 21h30, na Vila Belmiro, em Santos (SP), tamb\u00e9m pelo Brasileir\u00e3o, o time do litoral paulista ainda ser\u00e1 dirigido pelo auxiliar Marcelo Fernandes.<\/p>\n<p>&#8220;[Estou] Muito feliz por essa oportunidade em um gigante do futebol brasileiro. O Santos \u00e9 um clube hist\u00f3rico e estou empolgado demais. Acredito que possamos fazer um grande trabalho&#8221;, disse Lisca, em depoimento ao site oficial do Peixe.<\/p>\n<p>O treinador se despediu do Sport na\u00a0segunda-feira (18), no empate sem gols com o Vila Nova, em Recife, pela S\u00e9rie B do Brasileir\u00e3o. No intervalo, a informa\u00e7\u00e3o sobre Lisca estar negociando com o Santos repercutiu na Ilha do Retiro e irritou a torcida, que passou a chamar o t\u00e9cnico de &#8220;mercen\u00e1rio&#8221;.<\/p>\n<p>Ap\u00f3s o jogo, em entrevista coletiva, o t\u00e9cnico negou acerto com o Peixe, mas n\u00e3o garantiu a perman\u00eancia. A sa\u00edda foi confirmada no dia seguinte. Em pronunciamento, o presidente rubro-negro, Yuri Rom\u00e3o, detonou Lisca, chamando-o de anti\u00e9tico, dizendo que o clube havia sido tra\u00eddo e que n\u00e3o abriria m\u00e3o da multa rescis\u00f3ria do treinador (R$ 150 mil).<\/p>\n<p>Lisca assume o Santos no lugar do argentino Fabi\u00e1n Bustos, demitido ap\u00f3s a elimina\u00e7\u00e3o para o Deportivo T\u00e1chira (Venezuela), em casa, nas oitavas de final da Copa Sul-Americana. Al\u00e9m do Sport, ele tamb\u00e9m comandou Vasco da Gama, Cear\u00e1, N\u00e1utico, Am\u00e9rica-MG e Juventude, entre outras equipes.<\/p>\n<p><span style=\"font-weight: 400;\">Fonte: Ag\u00eancia Brasil <\/span><\/p>\n","protected":false},"excerpt":{"rendered":"<p>O Santos anunciou, nesta\u00a0quarta-feira (20), a contrata\u00e7\u00e3o de Lisca. O t\u00e9cnico de 49 anos estava no Sport Recife, clube que dirigiu por apenas quatro jogos e que deixou na \u00faltima\u00a0ter\u00e7a-feira (19), de forma tumultuada. A dura\u00e7\u00e3o do v\u00ednculo n\u00e3o foi divulgada pelo Alvinegro. O treinador inicia o trabalho no Peixe a partir de quinta-feira (21). [&hellip;]<\/p>\n","protected":false},"author":246,"featured_media":201901,"comment_status":"closed","ping_status":"closed","sticky":false,"template":"","format":"standard","meta":{"footnotes":""},"categories":[436,257,439],"tags":[],"class_list":["post-201900","post","type-post","status-publish","format-standard","has-post-thumbnail","hentry","category-destaque-da-semana","category-esporte","category-ultima-hora"],"_links":{"self":[{"href":"https:\/\/diarioregionaldigital.com.br\/index.php?rest_route=\/wp\/v2\/posts\/201900","targetHints":{"allow":["GET"]}}],"collection":[{"href":"https:\/\/diarioregionaldigital.com.br\/index.php?rest_route=\/wp\/v2\/posts"}],"about":[{"href":"https:\/\/diarioregionaldigital.com.br\/index.php?rest_route=\/wp\/v2\/types\/post"}],"author":[{"embeddable":true,"href":"https:\/\/diarioregionaldigital.com.br\/index.php?rest_route=\/wp\/v2\/users\/246"}],"replies":[{"embeddable":true,"href":"https:\/\/diarioregionaldigital.com.br\/index.php?rest_route=%2Fwp%2Fv2%2Fcomments&post=201900"}],"version-history":[{"count":1,"href":"https:\/\/diarioregionaldigital.com.br\/index.php?rest_route=\/wp\/v2\/posts\/201900\/revisions"}],"predecessor-version":[{"id":201902,"href":"https:\/\/diarioregionaldigital.com.br\/index.php?rest_route=\/wp\/v2\/posts\/201900\/revisions\/201902"}],"wp:featuredmedia":[{"embeddable":true,"href":"https:\/\/diarioregionaldigital.com.br\/index.php?rest_route=\/wp\/v2\/media\/201901"}],"wp:attachment":[{"href":"https:\/\/diarioregionaldigital.com.br\/index.php?rest_route=%2Fwp%2Fv2%2Fmedia&parent=201900"}],"wp:term":[{"taxonomy":"category","embeddable":true,"href":"https:\/\/diarioregionaldigital.com.br\/index.php?rest_route=%2Fwp%2Fv2%2Fcategories&post=201900"},{"taxonomy":"post_tag","embeddable":true,"href":"https:\/\/diarioregionaldigital.com.br\/index.php?rest_route=%2Fwp%2Fv2%2Ftags&post=201900"}],"curies":[{"name":"wp","href":"https:\/\/api.w.org\/{rel}","templated":true}]}}