{"id":201897,"date":"2022-07-20T19:56:19","date_gmt":"2022-07-20T22:56:19","guid":{"rendered":"https:\/\/diarioregionaldigital.com.br\/?p=201897"},"modified":"2022-07-20T19:56:19","modified_gmt":"2022-07-20T22:56:19","slug":"selecao-masculina-leva-virada-dos-eua-e-se-despede-da-liga-das-nacoes","status":"publish","type":"post","link":"https:\/\/diarioregionaldigital.com.br\/?p=201897","title":{"rendered":"Sele\u00e7\u00e3o masculina leva virada dos EUA e se despede da Liga das Na\u00e7\u00f5es"},"content":{"rendered":"<p>Atual campe\u00e3 da Liga das Na\u00e7\u00f5es de v\u00f4lei masculino, a sele\u00e7\u00e3o brasileira est\u00e1 fora da briga pelo bicampeonato. Nesta\u00a0quarta-feira (20), em Bolonha (It\u00e1lia), os brasileiros foram derrotados pelos Estados Unidos, de virada, por tr\u00eas sets a um (25\/20, 22\/25, 23\/25 e 17\/25). O confronto abriu as quartas de final da competi\u00e7\u00e3o. Os norte-americanos encaram Pol\u00f4nia ou Ir\u00e3 em uma das semifinais.<img decoding=\"async\" src=\"https:\/\/agenciabrasil.ebc.com.br\/ebc.png?id=1471741&amp;o=node\" \/><img decoding=\"async\" src=\"https:\/\/agenciabrasil.ebc.com.br\/ebc.gif?id=1471741&amp;o=node\" \/><\/p>\n<p>A queda precoce encerra uma campanha irregular do Brasil no torneio. Na primeira fase, os comandados de Renan Dal Zotto avan\u00e7aram em sexto lugar ao mata-mata, com oito vit\u00f3rias e quatro derrotas &#8211; uma delas para a China, apenas a 13\u00aa colocada, por tr\u00eas a zero, em Bras\u00edlia. Os demais trope\u00e7os foram para EUA, Pol\u00f4nia e Fran\u00e7a, todos rivais que ficaram \u00e0 frente na classifica\u00e7\u00e3o.<\/p>\n<p>No jogo desta\u00a0quarta, os brasileiros anotaram mais pontos de ataque (61 a 56), mas erraram muito mais que os norte-americanos (28 a 21) e foram parados sete vezes pelo bloqueio, tr\u00eas deles\u00a0executados pelo central David Smith. O pared\u00e3o verde e amarelo funcionou em apenas tr\u00eas ocasi\u00f5es. Apesar disso, foi do Brasil o maior pontuador do confronto: o ponteiro Yoandy Leal, com 18 acertos.<\/p>\n<p>O pr\u00f3ximo desafio do voleibol brasileiro ser\u00e1 o Campeonato Mundial, entre\u00a026 de agosto\u00a0e\u00a011 de setembro, na Pol\u00f4nia e na Eslov\u00eania. A sele\u00e7\u00e3o\u00a0masculina estreia diante de Cuba e ainda\u00a0ter\u00e1 Jap\u00e3o e Catar pela frente no Grupo B da primeira fase. O Brasil ergueu a ta\u00e7a em tr\u00eas ocasi\u00f5es (2002, 2006 e 2010) e foi vice-campe\u00e3o nas duas \u00faltimas edi\u00e7\u00f5es (2014 e 2018), em ambas superado pelos poloneses.<\/p>\n<p><span style=\"font-weight: 400;\"><br \/>\n<\/span><span style=\"font-weight: 400;\">Fonte: Ag\u00eancia Brasil <\/span><\/p>\n","protected":false},"excerpt":{"rendered":"<p>Atual campe\u00e3 da Liga das Na\u00e7\u00f5es de v\u00f4lei masculino, a sele\u00e7\u00e3o brasileira est\u00e1 fora da briga pelo bicampeonato. Nesta\u00a0quarta-feira (20), em Bolonha (It\u00e1lia), os brasileiros foram derrotados pelos Estados Unidos, de virada, por tr\u00eas sets a um (25\/20, 22\/25, 23\/25 e 17\/25). O confronto abriu as quartas de final da competi\u00e7\u00e3o. Os norte-americanos encaram Pol\u00f4nia [&hellip;]<\/p>\n","protected":false},"author":246,"featured_media":201898,"comment_status":"closed","ping_status":"closed","sticky":false,"template":"","format":"standard","meta":{"footnotes":""},"categories":[436,257,439],"tags":[],"class_list":["post-201897","post","type-post","status-publish","format-standard","has-post-thumbnail","hentry","category-destaque-da-semana","category-esporte","category-ultima-hora"],"_links":{"self":[{"href":"https:\/\/diarioregionaldigital.com.br\/index.php?rest_route=\/wp\/v2\/posts\/201897","targetHints":{"allow":["GET"]}}],"collection":[{"href":"https:\/\/diarioregionaldigital.com.br\/index.php?rest_route=\/wp\/v2\/posts"}],"about":[{"href":"https:\/\/diarioregionaldigital.com.br\/index.php?rest_route=\/wp\/v2\/types\/post"}],"author":[{"embeddable":true,"href":"https:\/\/diarioregionaldigital.com.br\/index.php?rest_route=\/wp\/v2\/users\/246"}],"replies":[{"embeddable":true,"href":"https:\/\/diarioregionaldigital.com.br\/index.php?rest_route=%2Fwp%2Fv2%2Fcomments&post=201897"}],"version-history":[{"count":1,"href":"https:\/\/diarioregionaldigital.com.br\/index.php?rest_route=\/wp\/v2\/posts\/201897\/revisions"}],"predecessor-version":[{"id":201899,"href":"https:\/\/diarioregionaldigital.com.br\/index.php?rest_route=\/wp\/v2\/posts\/201897\/revisions\/201899"}],"wp:featuredmedia":[{"embeddable":true,"href":"https:\/\/diarioregionaldigital.com.br\/index.php?rest_route=\/wp\/v2\/media\/201898"}],"wp:attachment":[{"href":"https:\/\/diarioregionaldigital.com.br\/index.php?rest_route=%2Fwp%2Fv2%2Fmedia&parent=201897"}],"wp:term":[{"taxonomy":"category","embeddable":true,"href":"https:\/\/diarioregionaldigital.com.br\/index.php?rest_route=%2Fwp%2Fv2%2Fcategories&post=201897"},{"taxonomy":"post_tag","embeddable":true,"href":"https:\/\/diarioregionaldigital.com.br\/index.php?rest_route=%2Fwp%2Fv2%2Ftags&post=201897"}],"curies":[{"name":"wp","href":"https:\/\/api.w.org\/{rel}","templated":true}]}}