{"id":201894,"date":"2022-07-20T19:54:38","date_gmt":"2022-07-20T22:54:38","guid":{"rendered":"https:\/\/diarioregionaldigital.com.br\/?p=201894"},"modified":"2022-07-20T19:54:38","modified_gmt":"2022-07-20T22:54:38","slug":"brasil-segue-na-elite-do-rugby-feminino-devido-a-suspensao-da-russia","status":"publish","type":"post","link":"https:\/\/diarioregionaldigital.com.br\/?p=201894","title":{"rendered":"Brasil segue na elite do rugby feminino devido \u00e0 suspens\u00e3o da R\u00fassia"},"content":{"rendered":"<p>A World Rugby,\u00a0federa\u00e7\u00e3o internacional da modalidade, informou nesta\u00a0quarta-feira (20) que o Brasil segue como sele\u00e7\u00e3o fixa do circuito mundial feminino de\u00a0<em>sevens\u00a0<\/em>(disputa com sete atletas de cada lado)\u00a0para a\u00a0temporada 2022\/23. As brasileiras se beneficiaram da puni\u00e7\u00e3o \u00e0 R\u00fassia, suspensa de todas as competi\u00e7\u00f5es devido \u00e0 invas\u00e3o militar do pa\u00eds \u00e0 Ucr\u00e2nia.<img decoding=\"async\" src=\"https:\/\/agenciabrasil.ebc.com.br\/ebc.png?id=1471748&amp;o=node\" \/><img decoding=\"async\" src=\"https:\/\/agenciabrasil.ebc.com.br\/ebc.gif?id=1471748&amp;o=node\" \/><\/p>\n<p>As Yaras (apelido da equipe feminina do Brasil) encerraram a temporada passada, ap\u00f3s seis etapas, na 11\u00aa e \u00faltima posi\u00e7\u00e3o, com dois pontos a menos que a Espanha. A campanha, a princ\u00edpio, rebaixaria as brasileiras. A World Rugby, por\u00e9m, manteve a suspens\u00e3o \u00e0s russas, aplicada j\u00e1 no circuito de 2021\/22 e que as deixou fora das duas etapas finais. As europeias haviam terminado na oitava coloca\u00e7\u00e3o.<\/p>\n<p>Os demais participantes do circuito s\u00e3o Austr\u00e1lia (atual campe\u00e3), Nova Zel\u00e2ndia, Fiji, Fran\u00e7a, Estados Unidos, Canad\u00e1, Gr\u00e3-Bretanha (no lugar da Inglaterra, tamb\u00e9m em acordo com as federa\u00e7\u00f5es de Esc\u00f3cia e Pa\u00eds de Gales), Irlanda e Espanha, al\u00e9m da sele\u00e7\u00e3o campe\u00e3 da\u00a0segunda\u00a0divis\u00e3o mundial. Ser\u00e1 a\u00a0quarta\u00a0temporada das Yaras na elite do rugby feminino, sendo a terceira consecutiva.<\/p>\n<p>A presen\u00e7a no circuito permite \u00e0s brasileiras atuar regularmente contra as principais sele\u00e7\u00f5es do mundo. A estreia na temporada ser\u00e1 nos dias 2 e\u00a03 de dezembro\u00a0deste ano, em Dubai (Emirados \u00c1rabes Unidos). As etapas seguintes est\u00e3o marcadas para Cidade do Cabo (\u00c1frica do Sul), Hamilton (Nova Zel\u00e2ndia), Sydney (Austr\u00e1lia), Vancouver (Canad\u00e1), Hong Kong e Toulouse (Fran\u00e7a).<\/p>\n<p>Antes, entre 9 e\u00a011 de setembro, as Yaras disputam o Campeonato Mundial, na Cidade do Cabo. As brasileiras estiveram nas tr\u00eas edi\u00e7\u00f5es anteriores do torneio, com o d\u00e9cimo lugar de 2009, em Dubai, como melhor campanha. Em 2013 (Moscou, na R\u00fassia) e 2018 (San Francisco, nos EUA), a equipe chegou na 13\u00aa posi\u00e7\u00e3o.<\/p>\n<p><span style=\"font-weight: 400;\">Fonte: Ag\u00eancia Brasil <\/span><\/p>\n","protected":false},"excerpt":{"rendered":"<p>A World Rugby,\u00a0federa\u00e7\u00e3o internacional da modalidade, informou nesta\u00a0quarta-feira (20) que o Brasil segue como sele\u00e7\u00e3o fixa do circuito mundial feminino de\u00a0sevens\u00a0(disputa com sete atletas de cada lado)\u00a0para a\u00a0temporada 2022\/23. As brasileiras se beneficiaram da puni\u00e7\u00e3o \u00e0 R\u00fassia, suspensa de todas as competi\u00e7\u00f5es devido \u00e0 invas\u00e3o militar do pa\u00eds \u00e0 Ucr\u00e2nia. As Yaras (apelido da equipe [&hellip;]<\/p>\n","protected":false},"author":246,"featured_media":201895,"comment_status":"closed","ping_status":"closed","sticky":false,"template":"","format":"standard","meta":{"footnotes":""},"categories":[436,440,257,439],"tags":[],"class_list":["post-201894","post","type-post","status-publish","format-standard","has-post-thumbnail","hentry","category-destaque-da-semana","category-destaques-do-dia","category-esporte","category-ultima-hora"],"_links":{"self":[{"href":"https:\/\/diarioregionaldigital.com.br\/index.php?rest_route=\/wp\/v2\/posts\/201894","targetHints":{"allow":["GET"]}}],"collection":[{"href":"https:\/\/diarioregionaldigital.com.br\/index.php?rest_route=\/wp\/v2\/posts"}],"about":[{"href":"https:\/\/diarioregionaldigital.com.br\/index.php?rest_route=\/wp\/v2\/types\/post"}],"author":[{"embeddable":true,"href":"https:\/\/diarioregionaldigital.com.br\/index.php?rest_route=\/wp\/v2\/users\/246"}],"replies":[{"embeddable":true,"href":"https:\/\/diarioregionaldigital.com.br\/index.php?rest_route=%2Fwp%2Fv2%2Fcomments&post=201894"}],"version-history":[{"count":1,"href":"https:\/\/diarioregionaldigital.com.br\/index.php?rest_route=\/wp\/v2\/posts\/201894\/revisions"}],"predecessor-version":[{"id":201896,"href":"https:\/\/diarioregionaldigital.com.br\/index.php?rest_route=\/wp\/v2\/posts\/201894\/revisions\/201896"}],"wp:featuredmedia":[{"embeddable":true,"href":"https:\/\/diarioregionaldigital.com.br\/index.php?rest_route=\/wp\/v2\/media\/201895"}],"wp:attachment":[{"href":"https:\/\/diarioregionaldigital.com.br\/index.php?rest_route=%2Fwp%2Fv2%2Fmedia&parent=201894"}],"wp:term":[{"taxonomy":"category","embeddable":true,"href":"https:\/\/diarioregionaldigital.com.br\/index.php?rest_route=%2Fwp%2Fv2%2Fcategories&post=201894"},{"taxonomy":"post_tag","embeddable":true,"href":"https:\/\/diarioregionaldigital.com.br\/index.php?rest_route=%2Fwp%2Fv2%2Ftags&post=201894"}],"curies":[{"name":"wp","href":"https:\/\/api.w.org\/{rel}","templated":true}]}}