{"id":201728,"date":"2022-07-15T19:04:14","date_gmt":"2022-07-15T22:04:14","guid":{"rendered":"https:\/\/diarioregionaldigital.com.br\/?p=201728"},"modified":"2022-07-15T19:04:14","modified_gmt":"2022-07-15T22:04:14","slug":"colonia-de-ferias-do-parque-da-lajinha-encerra-neste-final-de-semana","status":"publish","type":"post","link":"https:\/\/diarioregionaldigital.com.br\/?p=201728","title":{"rendered":"Col\u00f4nia de F\u00e9rias do Parque da Lajinha encerra neste final de semana"},"content":{"rendered":"<p>Segundo informa\u00e7\u00f5es do site da Prefeitura de Juiz de Fora (PJF), a\u00a01\u00aa Col\u00f4nia de F\u00e9rias do Parque da Lajinha encerra neste final de semana com atividades gratuitas abertas ao p\u00fablico. No s\u00e1bado,16, das 9h \u00e0s 14h, a atra\u00e7\u00e3o ser\u00e1 coordenada pelo Sesc Juiz de Fora e no domingo,17, das 10h \u00e0s 12h, haver\u00e1 um piquenique coletivo, com tem\u00e1tica julina. A Prefeitura de Juiz de Fora (PJF) refor\u00e7a que \u00e9 essencial a presen\u00e7a dos pais.<\/p>\n<p>&nbsp;<\/p>\n<p>A programa\u00e7\u00e3o da Col\u00f4nia de F\u00e9rias teve in\u00edcio no dia 12 de julho, com gincanas, caminhada ecol\u00f3gica, jogos, teatro, exposi\u00e7\u00f5es, piqueniques e muitas brincadeiras e divers\u00e3o para as crian\u00e7as. \u201cFoi um momento de muita divers\u00e3o, principalmente\u00a0 pra gente que mora em apartamento. Conheci muitas crian\u00e7as e consegui fazer amizades tamb\u00e9m\u201d, destacou Heitor, de oito anos.<\/p>\n<p>&nbsp;<\/p>\n<p>Loren Fabiana, m\u00e3e do Lucas Riquelme, esteve presente em todos os dias do evento. \u201cA a\u00e7\u00e3o da Prefeitura foi excelente, deu oportunidade para as crian\u00e7as se divertirem nas f\u00e9rias e em um lugar maravilhoso como o Parque da Lajinha\u201d.<\/p>\n<p>&nbsp;<\/p>\n<p>O evento \u00e9 coordenado pela Secretaria de Sustentabilidade em Meio Ambiente e Atividades (Sesmaur), e desenvolvido em parceria com a Secretaria de Seguran\u00e7a Urbana e Cidadania (Sesuc), Secretaria de Sa\u00fade (SS), Secretaria de Agricultura Pecu\u00e1ria e Abastecimento\u00a0(Seapa), Secretaria de Esporte e Lazer (SEL) e tamb\u00e9m com o Sesc Juiz de Fora e a empresa Nexa.<\/p>\n","protected":false},"excerpt":{"rendered":"<p>Segundo informa\u00e7\u00f5es do site da Prefeitura de Juiz de Fora (PJF), a\u00a01\u00aa Col\u00f4nia de F\u00e9rias do Parque da Lajinha encerra neste final de semana com atividades gratuitas abertas ao p\u00fablico. No s\u00e1bado,16, das 9h \u00e0s 14h, a atra\u00e7\u00e3o ser\u00e1 coordenada pelo Sesc Juiz de Fora e no domingo,17, das 10h \u00e0s 12h, haver\u00e1 um piquenique [&hellip;]<\/p>\n","protected":false},"author":246,"featured_media":201729,"comment_status":"closed","ping_status":"closed","sticky":false,"template":"","format":"standard","meta":{"footnotes":""},"categories":[253,436,439],"tags":[],"class_list":["post-201728","post","type-post","status-publish","format-standard","has-post-thumbnail","hentry","category-cidade","category-destaque-da-semana","category-ultima-hora"],"_links":{"self":[{"href":"https:\/\/diarioregionaldigital.com.br\/index.php?rest_route=\/wp\/v2\/posts\/201728","targetHints":{"allow":["GET"]}}],"collection":[{"href":"https:\/\/diarioregionaldigital.com.br\/index.php?rest_route=\/wp\/v2\/posts"}],"about":[{"href":"https:\/\/diarioregionaldigital.com.br\/index.php?rest_route=\/wp\/v2\/types\/post"}],"author":[{"embeddable":true,"href":"https:\/\/diarioregionaldigital.com.br\/index.php?rest_route=\/wp\/v2\/users\/246"}],"replies":[{"embeddable":true,"href":"https:\/\/diarioregionaldigital.com.br\/index.php?rest_route=%2Fwp%2Fv2%2Fcomments&post=201728"}],"version-history":[{"count":2,"href":"https:\/\/diarioregionaldigital.com.br\/index.php?rest_route=\/wp\/v2\/posts\/201728\/revisions"}],"predecessor-version":[{"id":201731,"href":"https:\/\/diarioregionaldigital.com.br\/index.php?rest_route=\/wp\/v2\/posts\/201728\/revisions\/201731"}],"wp:featuredmedia":[{"embeddable":true,"href":"https:\/\/diarioregionaldigital.com.br\/index.php?rest_route=\/wp\/v2\/media\/201729"}],"wp:attachment":[{"href":"https:\/\/diarioregionaldigital.com.br\/index.php?rest_route=%2Fwp%2Fv2%2Fmedia&parent=201728"}],"wp:term":[{"taxonomy":"category","embeddable":true,"href":"https:\/\/diarioregionaldigital.com.br\/index.php?rest_route=%2Fwp%2Fv2%2Fcategories&post=201728"},{"taxonomy":"post_tag","embeddable":true,"href":"https:\/\/diarioregionaldigital.com.br\/index.php?rest_route=%2Fwp%2Fv2%2Ftags&post=201728"}],"curies":[{"name":"wp","href":"https:\/\/api.w.org\/{rel}","templated":true}]}}