{"id":201722,"date":"2022-07-15T18:57:13","date_gmt":"2022-07-15T21:57:13","guid":{"rendered":"https:\/\/diarioregionaldigital.com.br\/?p=201722"},"modified":"2022-07-15T18:57:13","modified_gmt":"2022-07-15T21:57:13","slug":"domingo-e-dia-de-bale-classico-no-teatro-paschoal-carlos-magno","status":"publish","type":"post","link":"https:\/\/diarioregionaldigital.com.br\/?p=201722","title":{"rendered":"Domingo \u00e9 dia de bal\u00e9 cl\u00e1ssico no Teatro Paschoal Carlos Magno"},"content":{"rendered":"<p>Segundo informa\u00e7\u00f5es do site da Prefeitura de Juiz de Fora (PJF), vinte e cinco bailarinas com idades de 4 a 17 anos participam da aula-espet\u00e1culo que o Classique Est\u00fadio de Ballet promove no pr\u00f3ximo domingo, 17, \u00e0s 20h, no Teatro Paschoal Carlos Magno, localizado na Rua Gilberto de Alencar, atr\u00e1s da Igreja S\u00e3o Sebasti\u00e3o, no Centro. A \u201cAula em Cena\u201d ser\u00e1 dividida em duas partes, sendo a primeira com exerc\u00edcios de bal\u00e9 cl\u00e1ssico em diferentes n\u00edveis t\u00e9cnicos. J\u00e1 a segunda parte ter\u00e1 coreografias do repert\u00f3rio cl\u00e1ssico (solos, duos, trios e conjuntos).<\/p>\n<p>Conforme a professora Gisely Corr\u00eaa da Rocha, o espet\u00e1culo tem dura\u00e7\u00e3o m\u00e9dia de uma hora e marca o encerramento do primeiro per\u00edodo letivo de 2022, al\u00e9m de marcar o retorno da apresenta\u00e7\u00e3o presencial depois de dois anos na modalidade virtual, em decorr\u00eancia da pandemia de Covid-19.<\/p>\n<p>As pessoas interessadas em conferir a apresenta\u00e7\u00e3o podem adquirir os ingressos na portaria do teatro, no dia da apresenta\u00e7\u00e3o, a partir das 19h. Os valores s\u00e3o: inteira R$40 e meia-entrada R$20.<\/p>\n","protected":false},"excerpt":{"rendered":"<p>Segundo informa\u00e7\u00f5es do site da Prefeitura de Juiz de Fora (PJF), vinte e cinco bailarinas com idades de 4 a 17 anos participam da aula-espet\u00e1culo que o Classique Est\u00fadio de Ballet promove no pr\u00f3ximo domingo, 17, \u00e0s 20h, no Teatro Paschoal Carlos Magno, localizado na Rua Gilberto de Alencar, atr\u00e1s da Igreja S\u00e3o Sebasti\u00e3o, no [&hellip;]<\/p>\n","protected":false},"author":246,"featured_media":201723,"comment_status":"closed","ping_status":"closed","sticky":false,"template":"","format":"standard","meta":{"footnotes":""},"categories":[253,436,439],"tags":[],"class_list":["post-201722","post","type-post","status-publish","format-standard","has-post-thumbnail","hentry","category-cidade","category-destaque-da-semana","category-ultima-hora"],"_links":{"self":[{"href":"https:\/\/diarioregionaldigital.com.br\/index.php?rest_route=\/wp\/v2\/posts\/201722","targetHints":{"allow":["GET"]}}],"collection":[{"href":"https:\/\/diarioregionaldigital.com.br\/index.php?rest_route=\/wp\/v2\/posts"}],"about":[{"href":"https:\/\/diarioregionaldigital.com.br\/index.php?rest_route=\/wp\/v2\/types\/post"}],"author":[{"embeddable":true,"href":"https:\/\/diarioregionaldigital.com.br\/index.php?rest_route=\/wp\/v2\/users\/246"}],"replies":[{"embeddable":true,"href":"https:\/\/diarioregionaldigital.com.br\/index.php?rest_route=%2Fwp%2Fv2%2Fcomments&post=201722"}],"version-history":[{"count":1,"href":"https:\/\/diarioregionaldigital.com.br\/index.php?rest_route=\/wp\/v2\/posts\/201722\/revisions"}],"predecessor-version":[{"id":201724,"href":"https:\/\/diarioregionaldigital.com.br\/index.php?rest_route=\/wp\/v2\/posts\/201722\/revisions\/201724"}],"wp:featuredmedia":[{"embeddable":true,"href":"https:\/\/diarioregionaldigital.com.br\/index.php?rest_route=\/wp\/v2\/media\/201723"}],"wp:attachment":[{"href":"https:\/\/diarioregionaldigital.com.br\/index.php?rest_route=%2Fwp%2Fv2%2Fmedia&parent=201722"}],"wp:term":[{"taxonomy":"category","embeddable":true,"href":"https:\/\/diarioregionaldigital.com.br\/index.php?rest_route=%2Fwp%2Fv2%2Fcategories&post=201722"},{"taxonomy":"post_tag","embeddable":true,"href":"https:\/\/diarioregionaldigital.com.br\/index.php?rest_route=%2Fwp%2Fv2%2Ftags&post=201722"}],"curies":[{"name":"wp","href":"https:\/\/api.w.org\/{rel}","templated":true}]}}