{"id":201719,"date":"2022-07-15T18:52:42","date_gmt":"2022-07-15T21:52:42","guid":{"rendered":"https:\/\/diarioregionaldigital.com.br\/?p=201719"},"modified":"2022-07-15T18:52:42","modified_gmt":"2022-07-15T21:52:42","slug":"prefeitura-amplia-alimentacao-infantil-durante-ferias-escolares","status":"publish","type":"post","link":"https:\/\/diarioregionaldigital.com.br\/?p=201719","title":{"rendered":"Prefeitura amplia alimenta\u00e7\u00e3o infantil durante f\u00e9rias escolares"},"content":{"rendered":"<p>Segundo informa\u00e7\u00f5es do site da Prefeitura de Juiz de Fora (PJF), a\u00a0Prefeitura de Juiz de Fora (PJF) ir\u00e1 ampliar, a partir da pr\u00f3xima segunda-feira, 18, a alimenta\u00e7\u00e3o escolar para as crian\u00e7as que utilizam a rede p\u00fablica de ensino no munic\u00edpio. Ser\u00e1 ofertado alimento para as crian\u00e7as e adolescentes de quatro a 14 anos, em 17 estabelecimentos da cidade.<br \/>\nA amplia\u00e7\u00e3o foi fruto de uma reuni\u00e3o entre v\u00e1rias secretarias da PJF, que se encontraram para debater o servi\u00e7o de alimenta\u00e7\u00e3o em Juiz de Fora durante o recesso escolar. Estiveram presentes, a Secretaria de Governo (SG), Secretaria de Assist\u00eancia Social (SAS), Secretaria da Fazenda (SF), Secretaria Especial de Direitos Humanos (SEDH), Secretaria de Educa\u00e7\u00e3o (SE) e Secretaria de Agricultura, Pecu\u00e1ria e Abastecimento (Seapa).<br \/>\nDe acordo com a secret\u00e1ria de Governo, Cidinha Louzada, o objetivo desta a\u00e7\u00e3o \u00e9 garantir a seguran\u00e7a alimentar de crian\u00e7as e adolescentes no per\u00edodo de f\u00e9rias escolares. \u201cEstamos passando por situa\u00e7\u00f5es de inseguran\u00e7a alimentar no Brasil, com o aprofundamento da crise econ\u00f4mica, ent\u00e3o, queremos garantir que todas as crian\u00e7as tenham as refei\u00e7\u00f5es garantidas neste per\u00edodo de intervalo escolar. Em Juiz de Fora, nenhuma crian\u00e7a fica sem alimenta\u00e7\u00e3o nas f\u00e9rias\u201d, afirma.<br \/>\nA secret\u00e1ria de Agricultura, Pecu\u00e1ria e Abastecimento, Fab\u00edola Paulino, garante que Juiz de Fora n\u00e3o deixar\u00e1 de atender as crian\u00e7as durante as f\u00e9rias escolares. \u201cA ideia \u00e9 que estes lugares fiquem abertos para que as crian\u00e7as possam realizar as refei\u00e7\u00f5es. Nas pr\u00f3ximas duas semanas, vamos dar todo o suporte para amplia\u00e7\u00e3o dos hor\u00e1rios de atendimento, para que nenhuma delas fique em inseguran\u00e7a alimentar\u201d.<br \/>\nOs 17 locais est\u00e3o espalhados por todas as regi\u00f5es do munic\u00edpio, e a Prefeitura recomenda \u00e0 popula\u00e7\u00e3o que oriente pais e respons\u00e1veis que estejam em inseguran\u00e7a alimentar a procurar um dos pontos de atendimento.<br \/>\n<strong>Confira os locais:<\/strong><\/p>\n<p>&nbsp;<\/p>\n<p>Associa\u00e7\u00e3o Esp\u00edrita Grupo Semente \u201cSemeando o Futuro\u201d<\/p>\n<p>Instituto Profissional Dom Orione \u201cDom Ser\u201d<\/p>\n<p>ADRA Bonfim \u201cNa\u00e7\u00e3o Crian\u00e7a\u201d<\/p>\n<p>Curumim Vila Esperan\u00e7a<\/p>\n<p>Curumim Barreira do Triunfo<\/p>\n<p>Curumim Igrejinha<\/p>\n<p>Curumim S\u00e3o Pedro<\/p>\n<p>Curumim Santa Maria<\/p>\n<p>Curumim S\u00e3o Benedito<\/p>\n<p>Curumim Santa Luzia<\/p>\n<p>Curumim Olavo Costa<\/p>\n<p>ADRA Benfica<\/p>\n<p>Instituto Jesus<\/p>\n<p>GEDAE \u201cBrincando de Viver\u201d<\/p>\n<p>AACI Nova era<\/p>\n<p>Luz do Bem \u2013 S\u00e3o Benedito<\/p>\n<p>Mutir\u00e3o Meninada \u2013 Vale verde<\/p>\n","protected":false},"excerpt":{"rendered":"<p>Segundo informa\u00e7\u00f5es do site da Prefeitura de Juiz de Fora (PJF), a\u00a0Prefeitura de Juiz de Fora (PJF) ir\u00e1 ampliar, a partir da pr\u00f3xima segunda-feira, 18, a alimenta\u00e7\u00e3o escolar para as crian\u00e7as que utilizam a rede p\u00fablica de ensino no munic\u00edpio. Ser\u00e1 ofertado alimento para as crian\u00e7as e adolescentes de quatro a 14 anos, em 17 [&hellip;]<\/p>\n","protected":false},"author":246,"featured_media":201720,"comment_status":"closed","ping_status":"closed","sticky":false,"template":"","format":"standard","meta":{"footnotes":""},"categories":[253,436,440,439],"tags":[],"class_list":["post-201719","post","type-post","status-publish","format-standard","has-post-thumbnail","hentry","category-cidade","category-destaque-da-semana","category-destaques-do-dia","category-ultima-hora"],"_links":{"self":[{"href":"https:\/\/diarioregionaldigital.com.br\/index.php?rest_route=\/wp\/v2\/posts\/201719","targetHints":{"allow":["GET"]}}],"collection":[{"href":"https:\/\/diarioregionaldigital.com.br\/index.php?rest_route=\/wp\/v2\/posts"}],"about":[{"href":"https:\/\/diarioregionaldigital.com.br\/index.php?rest_route=\/wp\/v2\/types\/post"}],"author":[{"embeddable":true,"href":"https:\/\/diarioregionaldigital.com.br\/index.php?rest_route=\/wp\/v2\/users\/246"}],"replies":[{"embeddable":true,"href":"https:\/\/diarioregionaldigital.com.br\/index.php?rest_route=%2Fwp%2Fv2%2Fcomments&post=201719"}],"version-history":[{"count":1,"href":"https:\/\/diarioregionaldigital.com.br\/index.php?rest_route=\/wp\/v2\/posts\/201719\/revisions"}],"predecessor-version":[{"id":201721,"href":"https:\/\/diarioregionaldigital.com.br\/index.php?rest_route=\/wp\/v2\/posts\/201719\/revisions\/201721"}],"wp:featuredmedia":[{"embeddable":true,"href":"https:\/\/diarioregionaldigital.com.br\/index.php?rest_route=\/wp\/v2\/media\/201720"}],"wp:attachment":[{"href":"https:\/\/diarioregionaldigital.com.br\/index.php?rest_route=%2Fwp%2Fv2%2Fmedia&parent=201719"}],"wp:term":[{"taxonomy":"category","embeddable":true,"href":"https:\/\/diarioregionaldigital.com.br\/index.php?rest_route=%2Fwp%2Fv2%2Fcategories&post=201719"},{"taxonomy":"post_tag","embeddable":true,"href":"https:\/\/diarioregionaldigital.com.br\/index.php?rest_route=%2Fwp%2Fv2%2Ftags&post=201719"}],"curies":[{"name":"wp","href":"https:\/\/api.w.org\/{rel}","templated":true}]}}