{"id":201707,"date":"2022-07-15T18:35:40","date_gmt":"2022-07-15T21:35:40","guid":{"rendered":"https:\/\/diarioregionaldigital.com.br\/?p=201707"},"modified":"2022-07-15T18:35:40","modified_gmt":"2022-07-15T21:35:40","slug":"surfe-tati-weston-webb-e-campea-em-j-bay-e-sobe-para-3o-lugar-da-wsl","status":"publish","type":"post","link":"https:\/\/diarioregionaldigital.com.br\/?p=201707","title":{"rendered":"Surfe: Tati Weston-Webb \u00e9 campe\u00e3 em J-Bay e sobe para 3\u00ba lugar da WSL"},"content":{"rendered":"<p>A brasileira Tatiana Weston-Webb conquistou na manh\u00e3 desta sexta-feira (15) o t\u00edtulo de Jeffreys Bay (\u00c1frica do Sul), a nona etapa da Liga Mundial de Surfe (WSL). \u00a0A ga\u00facha de 26 anos superou na final a australiana Tyler Wright com parcial de 17.50 a 15.6 e, de quebra, assumiu a terceira posi\u00e7\u00e3o no ranking mundial. J-Bay \u00e9 a pen\u00faltima \u00a0etapa do circuito para definir as top 5 que disputar\u00e3o o\u00a0t\u00edtulo\u00a0mundial\u00a0de 2022 no WSL Finals na Calif\u00f3rnia (Estados Unidos).<img decoding=\"async\" src=\"https:\/\/agenciabrasil.ebc.com.br\/ebc.png?id=1471155&amp;o=node\" \/><img decoding=\"async\" src=\"https:\/\/agenciabrasil.ebc.com.br\/ebc.gif?id=1471155&amp;o=node\" \/><\/p>\n<p>Com o triunfo de hoje (15), Tati tornou-se a \u00fanica mulher a faturar duas etapas nesta temporada \u2013 ela fora campe\u00e3 em Bells Beach (Austr\u00e1lia). Para chegar \u00e0 final, Tati superou na semi a campe\u00e3 ol\u00edmpica Carissa Moore, atual l\u00edder do ranking. A havaiana, pentacampe\u00e3 mundial, interferiu em uma das ondas e foi punida com a perda de uma nota. A brasileira avan\u00e7ou \u00e0 final com vit\u00f3ria de 9.60 a 5.50.<\/p>\n<p>Na decis\u00e3o do t\u00edtulo contra Tyler Wright, bicampe\u00e3 mundial, Tati sobrou em J-Bay. A brasileira somou notas 8,5 e 9,0 &#8211; esta \u00faltima a mais alta na etapa sul-africana \u2013 contra 8.17 e 7.50 da australiana.<\/p>\n<h2>Masculino<\/h2>\n<p>Entre os homens, Yago Dora foi o brasileiro que chegou mais longe na disputa masculina. O catarinense perdeu a semifinal para o australiano Ethan Ewing, que na sequ\u00eancia venceu o compatriota Jack Robinson, faturando o t\u00edtulo de J-Bay.<\/p>\n<p>O campe\u00e3o ol\u00edmpico \u00cdtalo Ferreira deu adeus nas quartas, ao perder para o japon\u00eas Kanoa Igarashi por apenas 0,43: Igarashi avan\u00e7ou ao somar 15.43 contra 15.00. \u00a0Na \u00a0outra bateria das quartas Samuel Pupo foi superado pelo australiano Jack Robinson, por 12.83 a 7.83.<\/p>\n<p>Mesmo fora da reta final em J-Bay, o paulista de Ubatuba Filipe Toledo (53.360 pontos) segue na lideran\u00e7a do circuito. \u00cdtalo Ferreira (39.130). Os cinco primeiros colocados no ranking disputar\u00e3o o t\u00edtulo mundial no WSL Finals.<\/p>\n<h2>\u00daltima etapa<\/h2>\n<p>A temporada regular de 2022 chega ao fim em Teahupo\u2019o (Taiti), no per\u00edodo de 11 a 21 de agosto, com a d\u00e9cima etapa, que definir\u00e1 os cinco classificados para o t\u00edtulo mundial no WSL Finals (feminino e masculino), em\u00a0Trestles, na Calif\u00f3rnia (Estados Unidos), a partir de 8 de setembro.<\/p>\n<p><span style=\"font-weight: 400;\">Fonte: Ag\u00eancia Brasil <\/span><\/p>\n","protected":false},"excerpt":{"rendered":"<p>A brasileira Tatiana Weston-Webb conquistou na manh\u00e3 desta sexta-feira (15) o t\u00edtulo de Jeffreys Bay (\u00c1frica do Sul), a nona etapa da Liga Mundial de Surfe (WSL). \u00a0A ga\u00facha de 26 anos superou na final a australiana Tyler Wright com parcial de 17.50 a 15.6 e, de quebra, assumiu a terceira posi\u00e7\u00e3o no ranking mundial. [&hellip;]<\/p>\n","protected":false},"author":246,"featured_media":201708,"comment_status":"closed","ping_status":"closed","sticky":false,"template":"","format":"standard","meta":{"footnotes":""},"categories":[436,440,257,439],"tags":[],"class_list":["post-201707","post","type-post","status-publish","format-standard","has-post-thumbnail","hentry","category-destaque-da-semana","category-destaques-do-dia","category-esporte","category-ultima-hora"],"_links":{"self":[{"href":"https:\/\/diarioregionaldigital.com.br\/index.php?rest_route=\/wp\/v2\/posts\/201707","targetHints":{"allow":["GET"]}}],"collection":[{"href":"https:\/\/diarioregionaldigital.com.br\/index.php?rest_route=\/wp\/v2\/posts"}],"about":[{"href":"https:\/\/diarioregionaldigital.com.br\/index.php?rest_route=\/wp\/v2\/types\/post"}],"author":[{"embeddable":true,"href":"https:\/\/diarioregionaldigital.com.br\/index.php?rest_route=\/wp\/v2\/users\/246"}],"replies":[{"embeddable":true,"href":"https:\/\/diarioregionaldigital.com.br\/index.php?rest_route=%2Fwp%2Fv2%2Fcomments&post=201707"}],"version-history":[{"count":1,"href":"https:\/\/diarioregionaldigital.com.br\/index.php?rest_route=\/wp\/v2\/posts\/201707\/revisions"}],"predecessor-version":[{"id":201709,"href":"https:\/\/diarioregionaldigital.com.br\/index.php?rest_route=\/wp\/v2\/posts\/201707\/revisions\/201709"}],"wp:featuredmedia":[{"embeddable":true,"href":"https:\/\/diarioregionaldigital.com.br\/index.php?rest_route=\/wp\/v2\/media\/201708"}],"wp:attachment":[{"href":"https:\/\/diarioregionaldigital.com.br\/index.php?rest_route=%2Fwp%2Fv2%2Fmedia&parent=201707"}],"wp:term":[{"taxonomy":"category","embeddable":true,"href":"https:\/\/diarioregionaldigital.com.br\/index.php?rest_route=%2Fwp%2Fv2%2Fcategories&post=201707"},{"taxonomy":"post_tag","embeddable":true,"href":"https:\/\/diarioregionaldigital.com.br\/index.php?rest_route=%2Fwp%2Fv2%2Ftags&post=201707"}],"curies":[{"name":"wp","href":"https:\/\/api.w.org\/{rel}","templated":true}]}}