{"id":201704,"date":"2022-07-15T18:25:26","date_gmt":"2022-07-15T21:25:26","guid":{"rendered":"https:\/\/diarioregionaldigital.com.br\/?p=201704"},"modified":"2022-07-15T18:25:26","modified_gmt":"2022-07-15T21:25:26","slug":"luiz-de-orleans-e-braganca-morre-em-sao-paulo-aos-84-anos","status":"publish","type":"post","link":"https:\/\/diarioregionaldigital.com.br\/?p=201704","title":{"rendered":"Luiz de Orleans e Bragan\u00e7a morre em S\u00e3o Paulo aos 84 anos"},"content":{"rendered":"<p>Luiz de Orleans e Bragan\u00e7a morreu hoje (15), em S\u00e3o Paulo, aos 84 anos. Ele \u00e9 descendente da fam\u00edlia real que governou o Brasil sob o sistema mon\u00e1rquico at\u00e9 1889, quando foi proclamada a Rep\u00fablica. Bragan\u00e7a era filho de Pedro Henrique de Orleans e Bragan\u00e7a e Maria da Baviera e nasceu em 6 de junho de 1938, em Mandelieu-la-Napoule, na Fran\u00e7a.<img decoding=\"async\" src=\"https:\/\/agenciabrasil.ebc.com.br\/ebc.png?id=1471205&amp;o=node\" \/><img decoding=\"async\" src=\"https:\/\/agenciabrasil.ebc.com.br\/ebc.gif?id=1471205&amp;o=node\" \/><\/p>\n<p>Desde a morte de seu pai, em 1981, passou a chefiar a Casa Imperial do Brasil, organiza\u00e7\u00e3o n\u00e3o governamental que defende o retorno \u00e0 monarquia. Para o grupo, ele \u00e9 o \u201cleg\u00edtimo sucessor din\u00e1stico de seus maiores, os Imperadores Dom Pedro I e Dom Pedro II e a Princesa Dona Isabel\u201d, conforme nota que comunica sua morte.<\/p>\n<p>A Casa Imperial do Brasil ser\u00e1 chefiada agora pelo irm\u00e3o de Luiz, Bertrand de Orleans e Bragan\u00e7a. A entidade defende a \u201crestaura\u00e7\u00e3o da Monarquia nas linhas gerais da Constitui\u00e7\u00e3o de 25 de mar\u00e7o de 1824, feitas naturalmente as necess\u00e1rias adapta\u00e7\u00f5es \u00e0 atual realidade brasileira\u201d.<\/p>\n<p>O vel\u00f3rio de Luiz de Orleans e Bragan\u00e7a ser\u00e1 na sede do Instituto Pl\u00ednio Corr\u00eaa de Oliveira, na Rua Maranh\u00e3o, no bairro Higien\u00f3polis, nos dias 16 e 17 de julho. O sepultamento ser\u00e1 no dia 18 no Cemit\u00e9rio da Consola\u00e7\u00e3o, \u00e0s 13h.<\/p>\n<p><span style=\"font-weight: 400;\">Fonte: Ag\u00eancia Brasil <\/span><\/p>\n","protected":false},"excerpt":{"rendered":"<p>Luiz de Orleans e Bragan\u00e7a morreu hoje (15), em S\u00e3o Paulo, aos 84 anos. Ele \u00e9 descendente da fam\u00edlia real que governou o Brasil sob o sistema mon\u00e1rquico at\u00e9 1889, quando foi proclamada a Rep\u00fablica. Bragan\u00e7a era filho de Pedro Henrique de Orleans e Bragan\u00e7a e Maria da Baviera e nasceu em 6 de junho [&hellip;]<\/p>\n","protected":false},"author":246,"featured_media":201705,"comment_status":"closed","ping_status":"closed","sticky":false,"template":"","format":"standard","meta":{"footnotes":""},"categories":[436,254,439],"tags":[],"class_list":["post-201704","post","type-post","status-publish","format-standard","has-post-thumbnail","hentry","category-destaque-da-semana","category-politica","category-ultima-hora"],"_links":{"self":[{"href":"https:\/\/diarioregionaldigital.com.br\/index.php?rest_route=\/wp\/v2\/posts\/201704","targetHints":{"allow":["GET"]}}],"collection":[{"href":"https:\/\/diarioregionaldigital.com.br\/index.php?rest_route=\/wp\/v2\/posts"}],"about":[{"href":"https:\/\/diarioregionaldigital.com.br\/index.php?rest_route=\/wp\/v2\/types\/post"}],"author":[{"embeddable":true,"href":"https:\/\/diarioregionaldigital.com.br\/index.php?rest_route=\/wp\/v2\/users\/246"}],"replies":[{"embeddable":true,"href":"https:\/\/diarioregionaldigital.com.br\/index.php?rest_route=%2Fwp%2Fv2%2Fcomments&post=201704"}],"version-history":[{"count":1,"href":"https:\/\/diarioregionaldigital.com.br\/index.php?rest_route=\/wp\/v2\/posts\/201704\/revisions"}],"predecessor-version":[{"id":201706,"href":"https:\/\/diarioregionaldigital.com.br\/index.php?rest_route=\/wp\/v2\/posts\/201704\/revisions\/201706"}],"wp:featuredmedia":[{"embeddable":true,"href":"https:\/\/diarioregionaldigital.com.br\/index.php?rest_route=\/wp\/v2\/media\/201705"}],"wp:attachment":[{"href":"https:\/\/diarioregionaldigital.com.br\/index.php?rest_route=%2Fwp%2Fv2%2Fmedia&parent=201704"}],"wp:term":[{"taxonomy":"category","embeddable":true,"href":"https:\/\/diarioregionaldigital.com.br\/index.php?rest_route=%2Fwp%2Fv2%2Fcategories&post=201704"},{"taxonomy":"post_tag","embeddable":true,"href":"https:\/\/diarioregionaldigital.com.br\/index.php?rest_route=%2Fwp%2Fv2%2Ftags&post=201704"}],"curies":[{"name":"wp","href":"https:\/\/api.w.org\/{rel}","templated":true}]}}