{"id":201701,"date":"2022-07-15T18:23:48","date_gmt":"2022-07-15T21:23:48","guid":{"rendered":"https:\/\/diarioregionaldigital.com.br\/?p=201701"},"modified":"2022-07-15T18:23:48","modified_gmt":"2022-07-15T21:23:48","slug":"congresso-promulga-pec-que-reduz-demanda-processual-do-stj","status":"publish","type":"post","link":"https:\/\/diarioregionaldigital.com.br\/?p=201701","title":{"rendered":"Congresso promulga PEC que reduz demanda processual do STJ"},"content":{"rendered":"<p>O Congresso Nacional promulgou hoje (14) a proposta de emenda \u00e0 Constitui\u00e7\u00e3o que visa reduzir a demanda do Superior Tribunal de Justi\u00e7a (STJ) com recursos especiais. A emenda cria uma esp\u00e9cie de filtro de admissibilidade para esse tipo de recurso. Assim, o recorrente deve mostrar a relev\u00e2ncia das quest\u00f5es de direito federal infraconstitucional (que n\u00e3o estejam previstas na Constitui\u00e7\u00e3o) discutidas na a\u00e7\u00e3o.<img decoding=\"async\" src=\"https:\/\/agenciabrasil.ebc.com.br\/ebc.png?id=1471077&amp;o=node\" \/><img decoding=\"async\" src=\"https:\/\/agenciabrasil.ebc.com.br\/ebc.gif?id=1471077&amp;o=node\" \/><\/p>\n<p>A proposta tramitou no Congresso por quatro anos e modifica trecho da Constitui\u00e7\u00e3o Federal que trata das compet\u00eancias do STJ. Dessa forma, a admiss\u00e3o do recurso especial ser\u00e1 condicionada \u00e0 demonstra\u00e7\u00e3o de relev\u00e2ncia das quest\u00f5es jur\u00eddicas discutidas pelo recorrente.<\/p>\n<p>Esse filtro estabelece como relevantes os recursos nas a\u00e7\u00f5es penais; nas a\u00e7\u00f5es de improbidade administrativa; nas a\u00e7\u00f5es cujo valor de causa ultrapasse os 500 sal\u00e1rios m\u00ednimos; nas a\u00e7\u00f5es que possam gerar inelegibilidade; e nas hip\u00f3teses em que o ac\u00f3rd\u00e3o recorrido contrariar jurisprud\u00eancia dominante do Superior Tribunal de Justi\u00e7a.<\/p>\n<p>\u201cA verdadeira avalanche de casos recebidos pelo STJ \u2013 uma m\u00e9dia anual superior a 10 mil processos por ministro \u2013 vem comprometendo a satisfa\u00e7\u00e3o da miss\u00e3o constitucional daquele tribunal, qual seja, a uniformiza\u00e7\u00e3o da interpreta\u00e7\u00e3o das leis federais\u201d, disse o presidente do Congresso, senador Rodrigo Pacheco (PSD-MG), ap\u00f3s promulgar a emenda.<\/p>\n<p>Segundo o presidente, com a PEC, o STJ volta a assumir suas verdadeiras fei\u00e7\u00f5es constitucionais: uma corte de uniformiza\u00e7\u00e3o da interpreta\u00e7\u00e3o da legisla\u00e7\u00e3o federal, respons\u00e1vel pelo estabelecimento de precedentes jurisprudenciais com efeitos vinculantes aos tribunais inferiores.<\/p>\n<p><span style=\"font-weight: 400;\">Fonte: Ag\u00eancia Brasil <\/span><\/p>\n","protected":false},"excerpt":{"rendered":"<p>O Congresso Nacional promulgou hoje (14) a proposta de emenda \u00e0 Constitui\u00e7\u00e3o que visa reduzir a demanda do Superior Tribunal de Justi\u00e7a (STJ) com recursos especiais. A emenda cria uma esp\u00e9cie de filtro de admissibilidade para esse tipo de recurso. Assim, o recorrente deve mostrar a relev\u00e2ncia das quest\u00f5es de direito federal infraconstitucional (que n\u00e3o [&hellip;]<\/p>\n","protected":false},"author":246,"featured_media":201702,"comment_status":"closed","ping_status":"closed","sticky":false,"template":"","format":"standard","meta":{"footnotes":""},"categories":[436,254,439],"tags":[],"class_list":["post-201701","post","type-post","status-publish","format-standard","has-post-thumbnail","hentry","category-destaque-da-semana","category-politica","category-ultima-hora"],"_links":{"self":[{"href":"https:\/\/diarioregionaldigital.com.br\/index.php?rest_route=\/wp\/v2\/posts\/201701","targetHints":{"allow":["GET"]}}],"collection":[{"href":"https:\/\/diarioregionaldigital.com.br\/index.php?rest_route=\/wp\/v2\/posts"}],"about":[{"href":"https:\/\/diarioregionaldigital.com.br\/index.php?rest_route=\/wp\/v2\/types\/post"}],"author":[{"embeddable":true,"href":"https:\/\/diarioregionaldigital.com.br\/index.php?rest_route=\/wp\/v2\/users\/246"}],"replies":[{"embeddable":true,"href":"https:\/\/diarioregionaldigital.com.br\/index.php?rest_route=%2Fwp%2Fv2%2Fcomments&post=201701"}],"version-history":[{"count":1,"href":"https:\/\/diarioregionaldigital.com.br\/index.php?rest_route=\/wp\/v2\/posts\/201701\/revisions"}],"predecessor-version":[{"id":201703,"href":"https:\/\/diarioregionaldigital.com.br\/index.php?rest_route=\/wp\/v2\/posts\/201701\/revisions\/201703"}],"wp:featuredmedia":[{"embeddable":true,"href":"https:\/\/diarioregionaldigital.com.br\/index.php?rest_route=\/wp\/v2\/media\/201702"}],"wp:attachment":[{"href":"https:\/\/diarioregionaldigital.com.br\/index.php?rest_route=%2Fwp%2Fv2%2Fmedia&parent=201701"}],"wp:term":[{"taxonomy":"category","embeddable":true,"href":"https:\/\/diarioregionaldigital.com.br\/index.php?rest_route=%2Fwp%2Fv2%2Fcategories&post=201701"},{"taxonomy":"post_tag","embeddable":true,"href":"https:\/\/diarioregionaldigital.com.br\/index.php?rest_route=%2Fwp%2Fv2%2Ftags&post=201701"}],"curies":[{"name":"wp","href":"https:\/\/api.w.org\/{rel}","templated":true}]}}