{"id":201688,"date":"2022-07-15T18:13:29","date_gmt":"2022-07-15T21:13:29","guid":{"rendered":"https:\/\/diarioregionaldigital.com.br\/?p=201688"},"modified":"2022-07-15T18:13:29","modified_gmt":"2022-07-15T21:13:29","slug":"dolar-sobe-para-r-543-e-bolsa-cai-para-menor-nivel-desde-2020","status":"publish","type":"post","link":"https:\/\/diarioregionaldigital.com.br\/?p=201688","title":{"rendered":"D\u00f3lar sobe para R$ 5,43 e bolsa cai para menor n\u00edvel desde 2020"},"content":{"rendered":"<p>Influenciado pelo cen\u00e1rio internacional e pela aprova\u00e7\u00e3o da emenda constitucional que amplia benef\u00edcios sociais, o mercado financeiro teve mais um dia de nervosismo nesta quinta-feira (14). O d\u00f3lar chegou a aproximar-se de R$ 5,50, mas a alta perdeu for\u00e7a ao longo do dia. A bolsa de valores voltou a cair e atingiu o menor n\u00edvel desde o fim de 2020.<\/p>\n<p>O d\u00f3lar comercial encerrou o dia vendido a R$ 5,433, com alta de R$ 0,027 (+0,51%). A moeda norte-americana teve um dia tenso, chegando a ser vendida a R$ 5,48 na m\u00e1xima do dia, por volta das 10h30. No entanto, a cota\u00e7\u00e3o desacelerou ap\u00f3s declara\u00e7\u00f5es de diretores do Federal Reserve (Fed, Banco Central norte-americano) que arrefeceram o mercado.<\/p>\n<p>A bolsa de valores teve uma quinta-feira ainda mais turbulenta. O \u00edndice Ibovespa, da B3, fechou aos 96.121 pontos, com recuo de 1,8%. O indicador fechou no menor\u00a0 , na semana anterior \u00e0 vit\u00f3ria de Joe Biden nas elei\u00e7\u00f5es norte-americanas.<\/p>\n<p>Tanto fatores externos como internos interferiram no mercado financeiro. Nos Estados Unidos, aumentaram as apostas de que, ap\u00f3s a infla\u00e7\u00e3o anual atingir 9,1% em junho (o maior n\u00edvel em 41 anos), o Fed elevar\u00e1 os juros b\u00e1sicos em 1 ponto percentual na pr\u00f3xima reuni\u00e3o. Taxas mais altas em economias avan\u00e7adas provocam fuga de recursos de pa\u00edses emergentes, como o Brasil.<\/p>\n<p>Os \u00e2nimos s\u00f3 se acalmaram durante a tarde, quando dois diretores do Fed indicarem que pretendem aumentar os juros b\u00e1sicos norte-americanos em 0,75 ponto percentual no fim deste m\u00eas. O d\u00f3lar diminuiu a valoriza\u00e7\u00e3o perante as principais moedas internacionais.<\/p>\n<p>No Brasil, os investidores repercutiram a aprova\u00e7\u00e3o ontem (13) da emenda constitucional que aumenta benef\u00edcios sociais e cria aux\u00edlios tempor\u00e1rios para taxistas e caminhoneiros. Com impacto de R$ 41,25 bilh\u00f5es no Or\u00e7amento da Uni\u00e3o de agosto a dezembro, o texto foi promulgado pelo Congresso Nacional no in\u00edcio desta noite.<\/p>\n<p><span style=\"font-weight: 400;\">Fonte: Ag\u00eancia Brasil <\/span><\/p>\n","protected":false},"excerpt":{"rendered":"<p>Influenciado pelo cen\u00e1rio internacional e pela aprova\u00e7\u00e3o da emenda constitucional que amplia benef\u00edcios sociais, o mercado financeiro teve mais um dia de nervosismo nesta quinta-feira (14). O d\u00f3lar chegou a aproximar-se de R$ 5,50, mas a alta perdeu for\u00e7a ao longo do dia. A bolsa de valores voltou a cair e atingiu o menor n\u00edvel [&hellip;]<\/p>\n","protected":false},"author":246,"featured_media":201689,"comment_status":"closed","ping_status":"closed","sticky":false,"template":"","format":"standard","meta":{"footnotes":""},"categories":[436,261,439],"tags":[],"class_list":["post-201688","post","type-post","status-publish","format-standard","has-post-thumbnail","hentry","category-destaque-da-semana","category-economia","category-ultima-hora"],"_links":{"self":[{"href":"https:\/\/diarioregionaldigital.com.br\/index.php?rest_route=\/wp\/v2\/posts\/201688","targetHints":{"allow":["GET"]}}],"collection":[{"href":"https:\/\/diarioregionaldigital.com.br\/index.php?rest_route=\/wp\/v2\/posts"}],"about":[{"href":"https:\/\/diarioregionaldigital.com.br\/index.php?rest_route=\/wp\/v2\/types\/post"}],"author":[{"embeddable":true,"href":"https:\/\/diarioregionaldigital.com.br\/index.php?rest_route=\/wp\/v2\/users\/246"}],"replies":[{"embeddable":true,"href":"https:\/\/diarioregionaldigital.com.br\/index.php?rest_route=%2Fwp%2Fv2%2Fcomments&post=201688"}],"version-history":[{"count":2,"href":"https:\/\/diarioregionaldigital.com.br\/index.php?rest_route=\/wp\/v2\/posts\/201688\/revisions"}],"predecessor-version":[{"id":201691,"href":"https:\/\/diarioregionaldigital.com.br\/index.php?rest_route=\/wp\/v2\/posts\/201688\/revisions\/201691"}],"wp:featuredmedia":[{"embeddable":true,"href":"https:\/\/diarioregionaldigital.com.br\/index.php?rest_route=\/wp\/v2\/media\/201689"}],"wp:attachment":[{"href":"https:\/\/diarioregionaldigital.com.br\/index.php?rest_route=%2Fwp%2Fv2%2Fmedia&parent=201688"}],"wp:term":[{"taxonomy":"category","embeddable":true,"href":"https:\/\/diarioregionaldigital.com.br\/index.php?rest_route=%2Fwp%2Fv2%2Fcategories&post=201688"},{"taxonomy":"post_tag","embeddable":true,"href":"https:\/\/diarioregionaldigital.com.br\/index.php?rest_route=%2Fwp%2Fv2%2Ftags&post=201688"}],"curies":[{"name":"wp","href":"https:\/\/api.w.org\/{rel}","templated":true}]}}