{"id":201683,"date":"2022-07-15T18:11:56","date_gmt":"2022-07-15T21:11:56","guid":{"rendered":"https:\/\/diarioregionaldigital.com.br\/?p=201683"},"modified":"2022-07-15T18:11:56","modified_gmt":"2022-07-15T21:11:56","slug":"producao-industrial-permanece-estavel-em-junho","status":"publish","type":"post","link":"https:\/\/diarioregionaldigital.com.br\/?p=201683","title":{"rendered":"Produ\u00e7\u00e3o industrial permanece est\u00e1vel em junho"},"content":{"rendered":"<p>A produ\u00e7\u00e3o industrial brasileira permaneceu est\u00e1vel em junho deste ano, ap\u00f3s apresentar crescimento em maio, informou hoje (15), em Bras\u00edlia, a Confedera\u00e7\u00e3o Nacional da Ind\u00fastria (CNI). O \u00edndice de evolu\u00e7\u00e3o da produ\u00e7\u00e3o registrou 50,1 pontos, muito perto da linha divis\u00f3ria de 50 pontos, o que significa que a produ\u00e7\u00e3o teve estabilidade frente ao m\u00eas anterior. Em maio, o \u00edndice havia ficado em 53,6 pontos.<img decoding=\"async\" src=\"https:\/\/agenciabrasil.ebc.com.br\/ebc.png?id=1471152&amp;o=node\" \/><img decoding=\"async\" src=\"https:\/\/agenciabrasil.ebc.com.br\/ebc.gif?id=1471152&amp;o=node\" \/><\/p>\n<p>As informa\u00e7\u00f5es fazem parte do boletim Sondagem Industrial, que tamb\u00e9m traz informa\u00e7\u00f5es sobre a evolu\u00e7\u00e3o da produ\u00e7\u00e3o, do n\u00famero de empregos e dos estoques, entre outros indicadores. A CNI disse que o comportamento de junho mostra uma manuten\u00e7\u00e3o no ritmo da produ\u00e7\u00e3o, \u201cembora usualmente se verifique uma queda no per\u00edodo\u201d.<\/p>\n<p>Segundo o levantamento, o emprego industrial cresceu em junho na compara\u00e7\u00e3o com maio. O \u00edndice de evolu\u00e7\u00e3o do n\u00famero de empregados foi de 50,8 pontos, acima da linha divis\u00f3ria de 50 pontos que separa queda de alta do emprego.<\/p>\n<p>\u201cO \u00edndice de junho de 2022 \u00e9 muito pr\u00f3ximo ao de maio (0,2 ponto menor), o que significa dizer que o ritmo de crescimento do emprego foi semelhante ao do m\u00eas anterior\u201d, explicou o boletim.<\/p>\n<p>Os \u00edndices avaliados pela CNI apresentam varia\u00e7\u00e3o de 0 a 10. Valores acima de 50 indicam aumento do emprego, da produ\u00e7\u00e3o, estoque acima do planejado ou utiliza\u00e7\u00e3o da capacidade instalada acima do usual. Valores abaixo de 50 sinalizam que o n\u00edvel de atividade est\u00e1 abaixo do usual.<\/p>\n<p>Para a pesquisa de junho foram entrevistadas 1.853 empresas, sendo 730 pequeno porte, 660 m\u00e9dio porte e 463 de grande porte entre 1\u00ba e 11 de julho de 2022.<\/p>\n<h2>Preocupa\u00e7\u00f5es<\/h2>\n<p>Segundo o boletim, o principal problema levantado pelas ind\u00fastrias brasileiras situa-se na falta ou no alto custo das mat\u00e9rias-primas, com 52,8% das empresas dando destaque ao problema no segundo trimestre de 2022. Este \u00e9 o oitavo trimestre consecutivo que as empresas consideram a falta ou alta dos insumos como principal quest\u00e3o do setor.<\/p>\n<p>Em segundo lugar no ranking dos principais entraves do segmento aparece a elevada carga tribut\u00e1ria. Ela preocupa 30,9% dos empres\u00e1rios industriais. Esse resultado foi praticamente o mesmo do trimestre anterior, apresentando leve alta de 0,5 ponto percentual (pp).<\/p>\n<p>\u201cAs taxas de juros elevadas apresentaram, pela quinta vez consecutiva, um aumento nas assinala\u00e7\u00f5es, passando a ocupar a terceira posi\u00e7\u00e3o do ranking, com 24,3% de assinala\u00e7\u00f5es. O problema teve um aumento nas assinala\u00e7\u00f5es neste trimestre de 3,5 pp. Na compara\u00e7\u00e3o com o primeiro trimestre de 2021, o percentual aumentou 16,7 pontos\u201d, argumentou a CNI.<\/p>\n<p>A demanda interna insuficiente aparece em quarto lugar com 23,0% das assinala\u00e7\u00f5es dos empres\u00e1rios industriais, o que representa uma redu\u00e7\u00e3o de 2,5 pp, na compara\u00e7\u00e3o com o trimestre anterior. J\u00e1 a taxa de c\u00e2mbio ficou em quinto lugar no ranking, subindo uma posi\u00e7\u00e3o em rela\u00e7\u00e3o ao trimestre passado. O problema foi mencionado por 19,6% dos empres\u00e1rios, um aumento de 1,7 pp em rela\u00e7\u00e3o ao trimestre anterior.<\/p>\n<p><span style=\"font-weight: 400;\">Fonte: Ag\u00eancia Brasil <\/span><\/p>\n","protected":false},"excerpt":{"rendered":"<p>A produ\u00e7\u00e3o industrial brasileira permaneceu est\u00e1vel em junho deste ano, ap\u00f3s apresentar crescimento em maio, informou hoje (15), em Bras\u00edlia, a Confedera\u00e7\u00e3o Nacional da Ind\u00fastria (CNI). O \u00edndice de evolu\u00e7\u00e3o da produ\u00e7\u00e3o registrou 50,1 pontos, muito perto da linha divis\u00f3ria de 50 pontos, o que significa que a produ\u00e7\u00e3o teve estabilidade frente ao m\u00eas anterior. [&hellip;]<\/p>\n","protected":false},"author":246,"featured_media":201685,"comment_status":"closed","ping_status":"closed","sticky":false,"template":"","format":"standard","meta":{"footnotes":""},"categories":[436,261,439],"tags":[],"class_list":["post-201683","post","type-post","status-publish","format-standard","has-post-thumbnail","hentry","category-destaque-da-semana","category-economia","category-ultima-hora"],"_links":{"self":[{"href":"https:\/\/diarioregionaldigital.com.br\/index.php?rest_route=\/wp\/v2\/posts\/201683","targetHints":{"allow":["GET"]}}],"collection":[{"href":"https:\/\/diarioregionaldigital.com.br\/index.php?rest_route=\/wp\/v2\/posts"}],"about":[{"href":"https:\/\/diarioregionaldigital.com.br\/index.php?rest_route=\/wp\/v2\/types\/post"}],"author":[{"embeddable":true,"href":"https:\/\/diarioregionaldigital.com.br\/index.php?rest_route=\/wp\/v2\/users\/246"}],"replies":[{"embeddable":true,"href":"https:\/\/diarioregionaldigital.com.br\/index.php?rest_route=%2Fwp%2Fv2%2Fcomments&post=201683"}],"version-history":[{"count":2,"href":"https:\/\/diarioregionaldigital.com.br\/index.php?rest_route=\/wp\/v2\/posts\/201683\/revisions"}],"predecessor-version":[{"id":201687,"href":"https:\/\/diarioregionaldigital.com.br\/index.php?rest_route=\/wp\/v2\/posts\/201683\/revisions\/201687"}],"wp:featuredmedia":[{"embeddable":true,"href":"https:\/\/diarioregionaldigital.com.br\/index.php?rest_route=\/wp\/v2\/media\/201685"}],"wp:attachment":[{"href":"https:\/\/diarioregionaldigital.com.br\/index.php?rest_route=%2Fwp%2Fv2%2Fmedia&parent=201683"}],"wp:term":[{"taxonomy":"category","embeddable":true,"href":"https:\/\/diarioregionaldigital.com.br\/index.php?rest_route=%2Fwp%2Fv2%2Fcategories&post=201683"},{"taxonomy":"post_tag","embeddable":true,"href":"https:\/\/diarioregionaldigital.com.br\/index.php?rest_route=%2Fwp%2Fv2%2Ftags&post=201683"}],"curies":[{"name":"wp","href":"https:\/\/api.w.org\/{rel}","templated":true}]}}