{"id":201680,"date":"2022-07-15T18:10:14","date_gmt":"2022-07-15T21:10:14","guid":{"rendered":"https:\/\/diarioregionaldigital.com.br\/?p=201680"},"modified":"2022-07-15T18:10:14","modified_gmt":"2022-07-15T21:10:14","slug":"inflacao-do-setor-do-turismo-teve-alta-de-41-em-junho","status":"publish","type":"post","link":"https:\/\/diarioregionaldigital.com.br\/?p=201680","title":{"rendered":"Infla\u00e7\u00e3o do setor do turismo teve alta de 41% em junho"},"content":{"rendered":"<p>Os servi\u00e7os ligados ao turismo ficaram 41,39% mais caros em junho, na compara\u00e7\u00e3o com o mesmo m\u00eas do ano passado, aponta levantamento da Federa\u00e7\u00e3o do Com\u00e9rcio de Bens, Servi\u00e7os e Turismo do Estado de S\u00e3o Paulo (FecomercioSP), com base nos dados do \u00cdndice Nacional de Pre\u00e7os ao Consumidor Amplo (IPCA), do Instituto Brasileiro de Geografia e Estat\u00edstica (IBGE). A passagem \u00e1rea foi o item que mais contribuiu para a alta, com varia\u00e7\u00e3o de 122,40% em 12 meses.<img decoding=\"async\" src=\"https:\/\/agenciabrasil.ebc.com.br\/ebc.png?id=1471188&amp;o=node\" \/><img decoding=\"async\" src=\"https:\/\/agenciabrasil.ebc.com.br\/ebc.gif?id=1471188&amp;o=node\" \/><\/p>\n<p>De acordo com a FecomercioSP, a eleva\u00e7\u00e3o se justifica em parte pela alta temporada, quando o recesso escolar tradicionalmente contribui para o aumento do valor dos bilhetes. A entidade aponta que o custo do querosene e do d\u00f3lar, al\u00e9m da limita\u00e7\u00e3o de assentos em aeronaves e a dificuldade das empresas para recomposi\u00e7\u00e3o de m\u00e3o de obra, s\u00e3o fatores que influenciam na infla\u00e7\u00e3o do setor tur\u00edstico.<\/p>\n<p>Na varia\u00e7\u00e3o mensal, de maio para junho houve alta de 3,51%. Novamente o destaque s\u00e3o as passagens a\u00e9reas, com 11,32%. Em seguida est\u00e3o os pre\u00e7os dos servi\u00e7os de cinema, teatro e concertos, com varia\u00e7\u00e3o mensal de 1,51%. O custo do pacote tur\u00edstico cresceu 1,5% e 0,47% foi a alta no item hospedagem. Aluguel de ve\u00edculos recuou 2,44% e \u00f4nibus interestadual, 0,08%, foram os \u00fanicos que registraram queda.<\/p>\n<p>Para a FecomercioSP, a alta expressiva das passagens a\u00e9reas \u00e9 um sinal negativo para a cadeia do turismo, tendo em vista que o item \u00e9 impulsionador dos meios de hospedagens, alimenta\u00e7\u00e3o, loca\u00e7\u00e3o de ve\u00edculos, entre outros servi\u00e7os. A entidade avalia que a disparada nos pre\u00e7os faz com que os consumidores repensem a programa\u00e7\u00e3o de viagens.<\/p>\n<p><span style=\"font-weight: 400;\">Fonte: Ag\u00eancia Brasil <\/span><\/p>\n","protected":false},"excerpt":{"rendered":"<p>Os servi\u00e7os ligados ao turismo ficaram 41,39% mais caros em junho, na compara\u00e7\u00e3o com o mesmo m\u00eas do ano passado, aponta levantamento da Federa\u00e7\u00e3o do Com\u00e9rcio de Bens, Servi\u00e7os e Turismo do Estado de S\u00e3o Paulo (FecomercioSP), com base nos dados do \u00cdndice Nacional de Pre\u00e7os ao Consumidor Amplo (IPCA), do Instituto Brasileiro de Geografia [&hellip;]<\/p>\n","protected":false},"author":246,"featured_media":201681,"comment_status":"closed","ping_status":"closed","sticky":false,"template":"","format":"standard","meta":{"footnotes":""},"categories":[436,440,261,439],"tags":[],"class_list":["post-201680","post","type-post","status-publish","format-standard","has-post-thumbnail","hentry","category-destaque-da-semana","category-destaques-do-dia","category-economia","category-ultima-hora"],"_links":{"self":[{"href":"https:\/\/diarioregionaldigital.com.br\/index.php?rest_route=\/wp\/v2\/posts\/201680","targetHints":{"allow":["GET"]}}],"collection":[{"href":"https:\/\/diarioregionaldigital.com.br\/index.php?rest_route=\/wp\/v2\/posts"}],"about":[{"href":"https:\/\/diarioregionaldigital.com.br\/index.php?rest_route=\/wp\/v2\/types\/post"}],"author":[{"embeddable":true,"href":"https:\/\/diarioregionaldigital.com.br\/index.php?rest_route=\/wp\/v2\/users\/246"}],"replies":[{"embeddable":true,"href":"https:\/\/diarioregionaldigital.com.br\/index.php?rest_route=%2Fwp%2Fv2%2Fcomments&post=201680"}],"version-history":[{"count":1,"href":"https:\/\/diarioregionaldigital.com.br\/index.php?rest_route=\/wp\/v2\/posts\/201680\/revisions"}],"predecessor-version":[{"id":201682,"href":"https:\/\/diarioregionaldigital.com.br\/index.php?rest_route=\/wp\/v2\/posts\/201680\/revisions\/201682"}],"wp:featuredmedia":[{"embeddable":true,"href":"https:\/\/diarioregionaldigital.com.br\/index.php?rest_route=\/wp\/v2\/media\/201681"}],"wp:attachment":[{"href":"https:\/\/diarioregionaldigital.com.br\/index.php?rest_route=%2Fwp%2Fv2%2Fmedia&parent=201680"}],"wp:term":[{"taxonomy":"category","embeddable":true,"href":"https:\/\/diarioregionaldigital.com.br\/index.php?rest_route=%2Fwp%2Fv2%2Fcategories&post=201680"},{"taxonomy":"post_tag","embeddable":true,"href":"https:\/\/diarioregionaldigital.com.br\/index.php?rest_route=%2Fwp%2Fv2%2Ftags&post=201680"}],"curies":[{"name":"wp","href":"https:\/\/api.w.org\/{rel}","templated":true}]}}