{"id":201677,"date":"2022-07-15T01:28:44","date_gmt":"2022-07-15T04:28:44","guid":{"rendered":"https:\/\/diarioregionaldigital.com.br\/?p=201677"},"modified":"2022-07-15T01:28:44","modified_gmt":"2022-07-15T04:28:44","slug":"prefeitura-municipal-de-descoberto-extrato-de-contrato-15-07-2022","status":"publish","type":"post","link":"https:\/\/diarioregionaldigital.com.br\/?p=201677","title":{"rendered":"Prefeitura Municipal de Descoberto &#8211; Extrato de Contrato &#8211; 15\/07\/2022"},"content":{"rendered":"<p style=\"text-align: center;\"><strong>EXTRATO DE CONTRATO<\/strong><\/p>\n<p style=\"text-align: center;\">Pref. Municipal de Descoberto x D E L Produ\u00e7\u00f5es Art\u00edsticas Ltda- Objeto: Contrata\u00e7\u00e3o de Show art\u00edstico da dupla Day e Lara, a se realizar no dia 02\/09\/2022, na 12\u00aa Exposi\u00e7\u00e3o Agropecu\u00e1ria e Industrial de Descoberto\/MG- Fundamento: Inexigibilidade n\u00ba 007\/2022 \u2013 Valor Global: 32.000,00 \u2013 Vig\u00eancia: 02 meses \u2013 Dot or\u00e7: 02.02006.20.606.0014.216-339039\/100 &#8211; Ass: 14\/07\/2022- Foro: S\u00e3o Jo\u00e3o Nepomuceno\/MG.<\/p>\n<p style=\"text-align: center;\"><strong>Marcos de Ara\u00fajo Lima<\/strong><\/p>\n<p style=\"text-align: center;\"><strong>Prefeito Municipal<\/strong><\/p>\n","protected":false},"excerpt":{"rendered":"<p>EXTRATO DE CONTRATO Pref. Municipal de Descoberto x D E L Produ\u00e7\u00f5es Art\u00edsticas Ltda- Objeto: Contrata\u00e7\u00e3o de Show art\u00edstico da dupla Day e Lara, a se realizar no dia 02\/09\/2022, na 12\u00aa Exposi\u00e7\u00e3o Agropecu\u00e1ria e Industrial de Descoberto\/MG- Fundamento: Inexigibilidade n\u00ba 007\/2022 \u2013 Valor Global: 32.000,00 \u2013 Vig\u00eancia: 02 meses \u2013 Dot or\u00e7: 02.02006.20.606.0014.216-339039\/100 &#8211; [&hellip;]<\/p>\n","protected":false},"author":96,"featured_media":0,"comment_status":"closed","ping_status":"closed","sticky":false,"template":"","format":"standard","meta":{"footnotes":""},"categories":[307],"tags":[],"class_list":["post-201677","post","type-post","status-publish","format-standard","hentry","category-editais"],"_links":{"self":[{"href":"https:\/\/diarioregionaldigital.com.br\/index.php?rest_route=\/wp\/v2\/posts\/201677","targetHints":{"allow":["GET"]}}],"collection":[{"href":"https:\/\/diarioregionaldigital.com.br\/index.php?rest_route=\/wp\/v2\/posts"}],"about":[{"href":"https:\/\/diarioregionaldigital.com.br\/index.php?rest_route=\/wp\/v2\/types\/post"}],"author":[{"embeddable":true,"href":"https:\/\/diarioregionaldigital.com.br\/index.php?rest_route=\/wp\/v2\/users\/96"}],"replies":[{"embeddable":true,"href":"https:\/\/diarioregionaldigital.com.br\/index.php?rest_route=%2Fwp%2Fv2%2Fcomments&post=201677"}],"version-history":[{"count":1,"href":"https:\/\/diarioregionaldigital.com.br\/index.php?rest_route=\/wp\/v2\/posts\/201677\/revisions"}],"predecessor-version":[{"id":201678,"href":"https:\/\/diarioregionaldigital.com.br\/index.php?rest_route=\/wp\/v2\/posts\/201677\/revisions\/201678"}],"wp:attachment":[{"href":"https:\/\/diarioregionaldigital.com.br\/index.php?rest_route=%2Fwp%2Fv2%2Fmedia&parent=201677"}],"wp:term":[{"taxonomy":"category","embeddable":true,"href":"https:\/\/diarioregionaldigital.com.br\/index.php?rest_route=%2Fwp%2Fv2%2Fcategories&post=201677"},{"taxonomy":"post_tag","embeddable":true,"href":"https:\/\/diarioregionaldigital.com.br\/index.php?rest_route=%2Fwp%2Fv2%2Ftags&post=201677"}],"curies":[{"name":"wp","href":"https:\/\/api.w.org\/{rel}","templated":true}]}}