{"id":201675,"date":"2022-07-15T01:26:52","date_gmt":"2022-07-15T04:26:52","guid":{"rendered":"https:\/\/diarioregionaldigital.com.br\/?p=201675"},"modified":"2022-07-15T01:26:52","modified_gmt":"2022-07-15T04:26:52","slug":"o-poder-da-palavra-de-deus","status":"publish","type":"post","link":"https:\/\/diarioregionaldigital.com.br\/?p=201675","title":{"rendered":"O poder da Palavra de Deus !"},"content":{"rendered":"<p>A Palavra de Deus \u00e9 a arma mais poderosa do universo. \u00c9 ao mesmo tempo uma arma de ataque, como uma espada, e tamb\u00e9m o que nos proporciona obter o equipamento de defesa, o escudo de prote\u00e7\u00e3o contra as incurs\u00f5es malignas: \u201cRevesti-vos de toda a armadura de Deus, para que possais estar firmes contra as astutas ciladas do diabo\u201d (Ef\u00e9sios 6: 11).<\/p>\n<p>Como espada, a Palavra \u00e9 mais penetrante e muito mais cortante do que qualquer arma f\u00edsica:<\/p>\n<p>\u201cPorque a palavra de Deus \u00e9 viva e eficaz, e mais penetrante do que espada alguma de dois gumes, e penetra at\u00e9 \u00e0 divis\u00e3o da alma e do esp\u00edrito, e das juntas e medulas, e \u00e9 apta para discernir os pensamentos e inten\u00e7\u00f5es do cora\u00e7\u00e3o\u201d (Hebreus 4: 12).<\/p>\n<p>Ela est\u00e1 \u00e0 nossa disposi\u00e7\u00e3o para lutar contra o inimigo verdadeiramente danoso: \u201cTomai tamb\u00e9m o capacete da salva\u00e7\u00e3o, e a espada do Esp\u00edrito, que \u00e9 a palavra de Deus\u201d (Ef\u00e9sios 6: 17).<\/p>\n<p>Tamb\u00e9m \u00e9 com a Palavra de Deus que obtemos o equipamento para a defesa espiritual, a f\u00e9: \u201cDe sorte que a f\u00e9 \u00e9 pelo ouvir, e o ouvir pela palavra de Deus\u201d (Romanos 10: 17).<\/p>\n<p>A f\u00e9, obtida pelo ouvir da Palavra, \u00e9 o nosso escudo contra os disparos do maligno: \u201cTomando sobretudo o escudo da f\u00e9, com o qual podereis apagar todos os dardos inflamados do maligno\u201d (Ef\u00e9sios 6: 16).<\/p>\n<p>Essas s\u00e3o as nossas armas: \u201cAs armas com as quais lutamos n\u00e3o s\u00e3o humanas; pelo contr\u00e1rio, s\u00e3o poderosas em Deus para destruir fortalezas (2 Cor\u00edntios 10: 4).<\/p>\n<p>Quem guarda as li\u00e7\u00f5es de Deus no cora\u00e7\u00e3o e aprende a manusear a Palavra, torna-se invenc\u00edvel nas batalhas espirituais: Com Deus conquistaremos a vit\u00f3ria, e ele pisar\u00e1 os nossos advers\u00e1rios (Salmos 108: 13).<\/p>\n<p>O pr\u00f3prio Jesus nos demonstra como utilizar a Palavra de Poder como veremos na semana que vem, na continua\u00e7\u00e3o deste artigo.<\/p>\n","protected":false},"excerpt":{"rendered":"<p>A Palavra de Deus \u00e9 a arma mais poderosa do universo. \u00c9 ao mesmo tempo uma arma de ataque, como uma espada, e tamb\u00e9m o que nos proporciona obter o equipamento de defesa, o escudo de prote\u00e7\u00e3o contra as incurs\u00f5es malignas: \u201cRevesti-vos de toda a armadura de Deus, para que possais estar firmes contra as [&hellip;]<\/p>\n","protected":false},"author":96,"featured_media":0,"comment_status":"closed","ping_status":"closed","sticky":false,"template":"","format":"standard","meta":{"footnotes":""},"categories":[1244],"tags":[],"class_list":["post-201675","post","type-post","status-publish","format-standard","hentry","category-oleg-abramov"],"_links":{"self":[{"href":"https:\/\/diarioregionaldigital.com.br\/index.php?rest_route=\/wp\/v2\/posts\/201675","targetHints":{"allow":["GET"]}}],"collection":[{"href":"https:\/\/diarioregionaldigital.com.br\/index.php?rest_route=\/wp\/v2\/posts"}],"about":[{"href":"https:\/\/diarioregionaldigital.com.br\/index.php?rest_route=\/wp\/v2\/types\/post"}],"author":[{"embeddable":true,"href":"https:\/\/diarioregionaldigital.com.br\/index.php?rest_route=\/wp\/v2\/users\/96"}],"replies":[{"embeddable":true,"href":"https:\/\/diarioregionaldigital.com.br\/index.php?rest_route=%2Fwp%2Fv2%2Fcomments&post=201675"}],"version-history":[{"count":1,"href":"https:\/\/diarioregionaldigital.com.br\/index.php?rest_route=\/wp\/v2\/posts\/201675\/revisions"}],"predecessor-version":[{"id":201676,"href":"https:\/\/diarioregionaldigital.com.br\/index.php?rest_route=\/wp\/v2\/posts\/201675\/revisions\/201676"}],"wp:attachment":[{"href":"https:\/\/diarioregionaldigital.com.br\/index.php?rest_route=%2Fwp%2Fv2%2Fmedia&parent=201675"}],"wp:term":[{"taxonomy":"category","embeddable":true,"href":"https:\/\/diarioregionaldigital.com.br\/index.php?rest_route=%2Fwp%2Fv2%2Fcategories&post=201675"},{"taxonomy":"post_tag","embeddable":true,"href":"https:\/\/diarioregionaldigital.com.br\/index.php?rest_route=%2Fwp%2Fv2%2Ftags&post=201675"}],"curies":[{"name":"wp","href":"https:\/\/api.w.org\/{rel}","templated":true}]}}