{"id":201669,"date":"2022-07-14T19:48:22","date_gmt":"2022-07-14T22:48:22","guid":{"rendered":"https:\/\/diarioregionaldigital.com.br\/?p=201669"},"modified":"2022-07-14T19:48:22","modified_gmt":"2022-07-14T22:48:22","slug":"nova-rede-de-esgoto-da-rua-santa-rita-ja-esta-com-mais-de-60-dos-servicos-executados","status":"publish","type":"post","link":"https:\/\/diarioregionaldigital.com.br\/?p=201669","title":{"rendered":"Nova rede de esgoto da Rua Santa Rita j\u00e1 est\u00e1 com mais de 60% dos servi\u00e7os executados"},"content":{"rendered":"<p>Segundo informa\u00e7\u00f5es do site da Prefeitura de Juiz de Fora (PJF), a\u00a0Prefeitura de Juiz de Fora (PJF) j\u00e1 executou mais de 60% dos trabalhos de remodela\u00e7\u00e3o da rede de esgoto da Rua Santa Rita, no Centro. No trecho, est\u00e3o sendo implantados cerca de 300 metros de tubula\u00e7\u00f5es de PVC, com 300 mil\u00edmetros de di\u00e2metro. O material possui um porte maior do que as antigas manilhas de barro que atendiam a regi\u00e3o, o que ir\u00e1 facilitar o escoamento do esgoto local e reduzir a necessidade de manuten\u00e7\u00e3o na rua.<br \/>\nOs trabalhos na via tiveram in\u00edcio em junho e t\u00eam previs\u00e3o de t\u00e9rmino para o in\u00edcio de agosto. At\u00e9 l\u00e1, o tr\u00e2nsito na rua estar\u00e1 parcialmente interditado das 8h \u00e0s 17h, de segunda a sexta-feira. Assim, a Companhia de Saneamento Municipal (Cesama) pede aos moradores que, se poss\u00edvel, retirem seus ve\u00edculos da rua antes do in\u00edcio dos servi\u00e7os.<br \/>\nAs a\u00e7\u00f5es de remodela\u00e7\u00e3o s\u00e3o realizadas ao longo de todo o ano, seguindo programa\u00e7\u00e3o de prioridades, quando \u00e9 avaliada a necessidade de troca. Esta an\u00e1lise leva em conta a antiguidade e o desgaste do material, o fato de o dimensionamento da tubula\u00e7\u00e3o j\u00e1 n\u00e3o ser compat\u00edvel com o n\u00famero de im\u00f3veis atendidos e os transtornos causados aos usu\u00e1rios do sistema, al\u00e9m dos custos de manuten\u00e7\u00e3o.<\/p>\n","protected":false},"excerpt":{"rendered":"<p>Segundo informa\u00e7\u00f5es do site da Prefeitura de Juiz de Fora (PJF), a\u00a0Prefeitura de Juiz de Fora (PJF) j\u00e1 executou mais de 60% dos trabalhos de remodela\u00e7\u00e3o da rede de esgoto da Rua Santa Rita, no Centro. No trecho, est\u00e3o sendo implantados cerca de 300 metros de tubula\u00e7\u00f5es de PVC, com 300 mil\u00edmetros de di\u00e2metro. O [&hellip;]<\/p>\n","protected":false},"author":246,"featured_media":201670,"comment_status":"closed","ping_status":"closed","sticky":false,"template":"","format":"standard","meta":{"footnotes":""},"categories":[253,436,439],"tags":[],"class_list":["post-201669","post","type-post","status-publish","format-standard","has-post-thumbnail","hentry","category-cidade","category-destaque-da-semana","category-ultima-hora"],"_links":{"self":[{"href":"https:\/\/diarioregionaldigital.com.br\/index.php?rest_route=\/wp\/v2\/posts\/201669","targetHints":{"allow":["GET"]}}],"collection":[{"href":"https:\/\/diarioregionaldigital.com.br\/index.php?rest_route=\/wp\/v2\/posts"}],"about":[{"href":"https:\/\/diarioregionaldigital.com.br\/index.php?rest_route=\/wp\/v2\/types\/post"}],"author":[{"embeddable":true,"href":"https:\/\/diarioregionaldigital.com.br\/index.php?rest_route=\/wp\/v2\/users\/246"}],"replies":[{"embeddable":true,"href":"https:\/\/diarioregionaldigital.com.br\/index.php?rest_route=%2Fwp%2Fv2%2Fcomments&post=201669"}],"version-history":[{"count":1,"href":"https:\/\/diarioregionaldigital.com.br\/index.php?rest_route=\/wp\/v2\/posts\/201669\/revisions"}],"predecessor-version":[{"id":201671,"href":"https:\/\/diarioregionaldigital.com.br\/index.php?rest_route=\/wp\/v2\/posts\/201669\/revisions\/201671"}],"wp:featuredmedia":[{"embeddable":true,"href":"https:\/\/diarioregionaldigital.com.br\/index.php?rest_route=\/wp\/v2\/media\/201670"}],"wp:attachment":[{"href":"https:\/\/diarioregionaldigital.com.br\/index.php?rest_route=%2Fwp%2Fv2%2Fmedia&parent=201669"}],"wp:term":[{"taxonomy":"category","embeddable":true,"href":"https:\/\/diarioregionaldigital.com.br\/index.php?rest_route=%2Fwp%2Fv2%2Fcategories&post=201669"},{"taxonomy":"post_tag","embeddable":true,"href":"https:\/\/diarioregionaldigital.com.br\/index.php?rest_route=%2Fwp%2Fv2%2Ftags&post=201669"}],"curies":[{"name":"wp","href":"https:\/\/api.w.org\/{rel}","templated":true}]}}