{"id":201665,"date":"2022-07-14T19:42:37","date_gmt":"2022-07-14T22:42:37","guid":{"rendered":"https:\/\/diarioregionaldigital.com.br\/?p=201665"},"modified":"2022-07-14T19:44:32","modified_gmt":"2022-07-14T22:44:32","slug":"avenida-itamar-franco-e-rua-vicente-beghelli-tem-interdicao-no-final-de-semana-devido-a-obra-da-gasmig","status":"publish","type":"post","link":"https:\/\/diarioregionaldigital.com.br\/?p=201665","title":{"rendered":"Avenida Itamar Franco e Rua Vicente Beghelli t\u00eam interdi\u00e7\u00e3o no final de semana devido \u00e0 obra da Gasmig"},"content":{"rendered":"<p>Segundo informa\u00e7\u00f5es do site da Prefeitura de Juiz de Fora (PJF), no hor\u00e1rio de 9h \u00e0s 17h deste s\u00e1bado, 16, e domingo, 17, o cruzamento da Avenida Itamar Franco com a Rua Vicente Beghelli, no Bairro Dom Bosco, ser\u00e1 totalmente interditado em fun\u00e7\u00e3o do in\u00edcio das obras de implementa\u00e7\u00e3o da rede de gasoduto da Gasmig. Devido \u00e0 obra, a Secretaria de Mobilidade Urbana (SMU) da Prefeitura de Juiz de Fora (PJF) alterou o trajeto de v\u00e1rias linhas do transporte coletivo urbano.<br \/>\nDurante o per\u00edodo de execu\u00e7\u00e3o dos servi\u00e7os no local, haver\u00e1 altera\u00e7\u00e3o de itiner\u00e1rio das linhas 511, 512, 515 e 537. As linhas citadas v\u00e3o seguir o itiner\u00e1rio, ida e volta, pela Rua Vicente Beghelli seguindo para Rua Ant\u00f4nio Marinho Saraiva, passando pela Av. Itamar Franco, seguindo para o bairro Dom Orione, dando a volta pelo HU-CAS e seguindo para a Av. Itamar Franco at\u00e9 o centro.<\/p>\n<p>Pensando na popula\u00e7\u00e3o e na necessidade de locomo\u00e7\u00e3o, ser\u00e1 realizado atendimento especial com micro-\u00f4nibus linha 513, Dom Bosco\/S\u00e3o Mateus no s\u00e1bado, 16, a partir das 9h at\u00e9 \u00e0s 17h, e no domingo,17, durante o dia todo at\u00e9 a finaliza\u00e7\u00e3o das obras. A ideia \u00e9 que o ve\u00edculo atue como um \u00f4nibus circular no bairro. O trajeto realizado pela linha 513 ser\u00e1 iniciado \u00e0s 9h em frente \u00e0 Justi\u00e7a Eleitoral (Av. Itamar Franco 1.479) e se encerra pr\u00f3ximo \u00e0s 17h.<\/p>\n<p><strong>Confira abaixo o itiner\u00e1rio da linha:<br \/>\n<\/strong><br \/>\n&#8211; Centro\/ Bairro: Av. Itamar Franco, 1.479 (em frente a Justi\u00e7a Eleitoral), Av Bar\u00e3o do Rio Branco (pista lateral), Rua Chanceler Oswaldo Aranha, Rua S\u00e3o Mateus, Rua Dr Romualdo, Rua Francisco Brandi, Av Itamar Franco, Rua Monsenhor Gustavo Freire, Rua Benedito Reis Fortes, Rua Oleg\u00e1rio Maciel, Rua Monsenhor Gustavo Freire, Rua Vicente Beghelli, Rua Pirapora, Rua Belo Vale, 223 &#8211; Ponto Final.<br \/>\n&#8211; Bairro\/ Centro: Rua Belo Vale, 223 &#8211; Ponto Final, Rua Vicente Beghelli, Rua Monsenhor Gustavo Freire, Av Itamar Franco, 1.479 (em frente a Justi\u00e7a Eleitoral)<\/p>\n","protected":false},"excerpt":{"rendered":"<p>Segundo informa\u00e7\u00f5es do site da Prefeitura de Juiz de Fora (PJF), no hor\u00e1rio de 9h \u00e0s 17h deste s\u00e1bado, 16, e domingo, 17, o cruzamento da Avenida Itamar Franco com a Rua Vicente Beghelli, no Bairro Dom Bosco, ser\u00e1 totalmente interditado em fun\u00e7\u00e3o do in\u00edcio das obras de implementa\u00e7\u00e3o da rede de gasoduto da Gasmig. [&hellip;]<\/p>\n","protected":false},"author":246,"featured_media":201666,"comment_status":"closed","ping_status":"closed","sticky":false,"template":"","format":"standard","meta":{"footnotes":""},"categories":[253,436,439],"tags":[],"class_list":["post-201665","post","type-post","status-publish","format-standard","has-post-thumbnail","hentry","category-cidade","category-destaque-da-semana","category-ultima-hora"],"_links":{"self":[{"href":"https:\/\/diarioregionaldigital.com.br\/index.php?rest_route=\/wp\/v2\/posts\/201665","targetHints":{"allow":["GET"]}}],"collection":[{"href":"https:\/\/diarioregionaldigital.com.br\/index.php?rest_route=\/wp\/v2\/posts"}],"about":[{"href":"https:\/\/diarioregionaldigital.com.br\/index.php?rest_route=\/wp\/v2\/types\/post"}],"author":[{"embeddable":true,"href":"https:\/\/diarioregionaldigital.com.br\/index.php?rest_route=\/wp\/v2\/users\/246"}],"replies":[{"embeddable":true,"href":"https:\/\/diarioregionaldigital.com.br\/index.php?rest_route=%2Fwp%2Fv2%2Fcomments&post=201665"}],"version-history":[{"count":2,"href":"https:\/\/diarioregionaldigital.com.br\/index.php?rest_route=\/wp\/v2\/posts\/201665\/revisions"}],"predecessor-version":[{"id":201668,"href":"https:\/\/diarioregionaldigital.com.br\/index.php?rest_route=\/wp\/v2\/posts\/201665\/revisions\/201668"}],"wp:featuredmedia":[{"embeddable":true,"href":"https:\/\/diarioregionaldigital.com.br\/index.php?rest_route=\/wp\/v2\/media\/201666"}],"wp:attachment":[{"href":"https:\/\/diarioregionaldigital.com.br\/index.php?rest_route=%2Fwp%2Fv2%2Fmedia&parent=201665"}],"wp:term":[{"taxonomy":"category","embeddable":true,"href":"https:\/\/diarioregionaldigital.com.br\/index.php?rest_route=%2Fwp%2Fv2%2Fcategories&post=201665"},{"taxonomy":"post_tag","embeddable":true,"href":"https:\/\/diarioregionaldigital.com.br\/index.php?rest_route=%2Fwp%2Fv2%2Ftags&post=201665"}],"curies":[{"name":"wp","href":"https:\/\/api.w.org\/{rel}","templated":true}]}}