{"id":201662,"date":"2022-07-14T19:39:56","date_gmt":"2022-07-14T22:39:56","guid":{"rendered":"https:\/\/diarioregionaldigital.com.br\/?p=201662"},"modified":"2022-07-14T19:39:56","modified_gmt":"2022-07-14T22:39:56","slug":"prazos-de-atualizacao-de-dados-do-cadunico-sao-prorrogados","status":"publish","type":"post","link":"https:\/\/diarioregionaldigital.com.br\/?p=201662","title":{"rendered":"Prazos de atualiza\u00e7\u00e3o de dados do Cad\u00danico s\u00e3o prorrogados"},"content":{"rendered":"<p>Segundo informa\u00e7\u00f5es do site da Prefeitura de Juiz de Fora (PJF), a\u00a0Prefeitura de Juiz de Fora (PJF) informa que o prazo para a atualiza\u00e7\u00e3o dos dados das <strong>fam\u00edlias j\u00e1 cadastradas<\/strong>\u00a0no Cad\u00danico, benefici\u00e1rias do Aux\u00edlio Brasil, foi prorrogado at\u00e9 14 de outubro. Os usu\u00e1rios podem conferir se est\u00e3o em revis\u00e3o cadastral ou se est\u00e3o com as informa\u00e7\u00f5es atualizadas atrav\u00e9s do aplicativo do Cadastramento \u00danico. A ferramenta informa, ainda, como prosseguir para a regulariza\u00e7\u00e3o dos registros. Para aqueles que est\u00e3o em\u00a0<strong>situa\u00e7\u00e3o de averigua\u00e7\u00e3o cadastral<\/strong>, o prazo foi estendido at\u00e9 12 de agosto.<\/p>\n<p>&nbsp;<\/p>\n<p>A atualiza\u00e7\u00e3o cadastral \u00e9 de extrema import\u00e2ncia para que as informa\u00e7\u00f5es presentes no banco de dados do Cad\u00danico estejam sempre condizentes com a realidade das fam\u00edlias brasileiras. Al\u00e9m disso, a falta de atualiza\u00e7\u00f5es pode levar a uma suspens\u00e3o do benef\u00edcio, e um poss\u00edvel cancelamento.<\/p>\n<p>&nbsp;<\/p>\n<p>O Cadastramento \u00danico (Cad\u00danico) pode ser realizado em um dos\u00a0<a href=\"https:\/\/www.pjf.mg.gov.br\/secretarias\/sas\/rede_protecao\/protecao_basica\/cras\/bairro\/cras_bairro.php\"><strong>11 Centros de Refer\u00eancias de Assist\u00eancia Social<\/strong><\/a>\u00a0(Cras) e no Centro de Refer\u00eancia Especializado para Popula\u00e7\u00e3o em Situa\u00e7\u00e3o de Rua (Centro Pop), que abrangem os 189 bairros distribu\u00eddos pela cidade.<\/p>\n<p>&nbsp;<\/p>\n<p>O atendimento \u00e9 de segunda a sexta-feira, das 8h \u00e0s 12h e de 13h \u00e0s 17h.<\/p>\n","protected":false},"excerpt":{"rendered":"<p>Segundo informa\u00e7\u00f5es do site da Prefeitura de Juiz de Fora (PJF), a\u00a0Prefeitura de Juiz de Fora (PJF) informa que o prazo para a atualiza\u00e7\u00e3o dos dados das fam\u00edlias j\u00e1 cadastradas\u00a0no Cad\u00danico, benefici\u00e1rias do Aux\u00edlio Brasil, foi prorrogado at\u00e9 14 de outubro. Os usu\u00e1rios podem conferir se est\u00e3o em revis\u00e3o cadastral ou se est\u00e3o com as [&hellip;]<\/p>\n","protected":false},"author":246,"featured_media":201663,"comment_status":"closed","ping_status":"closed","sticky":false,"template":"","format":"standard","meta":{"footnotes":""},"categories":[253,436,439],"tags":[],"class_list":["post-201662","post","type-post","status-publish","format-standard","has-post-thumbnail","hentry","category-cidade","category-destaque-da-semana","category-ultima-hora"],"_links":{"self":[{"href":"https:\/\/diarioregionaldigital.com.br\/index.php?rest_route=\/wp\/v2\/posts\/201662","targetHints":{"allow":["GET"]}}],"collection":[{"href":"https:\/\/diarioregionaldigital.com.br\/index.php?rest_route=\/wp\/v2\/posts"}],"about":[{"href":"https:\/\/diarioregionaldigital.com.br\/index.php?rest_route=\/wp\/v2\/types\/post"}],"author":[{"embeddable":true,"href":"https:\/\/diarioregionaldigital.com.br\/index.php?rest_route=\/wp\/v2\/users\/246"}],"replies":[{"embeddable":true,"href":"https:\/\/diarioregionaldigital.com.br\/index.php?rest_route=%2Fwp%2Fv2%2Fcomments&post=201662"}],"version-history":[{"count":1,"href":"https:\/\/diarioregionaldigital.com.br\/index.php?rest_route=\/wp\/v2\/posts\/201662\/revisions"}],"predecessor-version":[{"id":201664,"href":"https:\/\/diarioregionaldigital.com.br\/index.php?rest_route=\/wp\/v2\/posts\/201662\/revisions\/201664"}],"wp:featuredmedia":[{"embeddable":true,"href":"https:\/\/diarioregionaldigital.com.br\/index.php?rest_route=\/wp\/v2\/media\/201663"}],"wp:attachment":[{"href":"https:\/\/diarioregionaldigital.com.br\/index.php?rest_route=%2Fwp%2Fv2%2Fmedia&parent=201662"}],"wp:term":[{"taxonomy":"category","embeddable":true,"href":"https:\/\/diarioregionaldigital.com.br\/index.php?rest_route=%2Fwp%2Fv2%2Fcategories&post=201662"},{"taxonomy":"post_tag","embeddable":true,"href":"https:\/\/diarioregionaldigital.com.br\/index.php?rest_route=%2Fwp%2Fv2%2Ftags&post=201662"}],"curies":[{"name":"wp","href":"https:\/\/api.w.org\/{rel}","templated":true}]}}