{"id":201652,"date":"2022-07-14T19:05:49","date_gmt":"2022-07-14T22:05:49","guid":{"rendered":"https:\/\/diarioregionaldigital.com.br\/?p=201652"},"modified":"2022-07-14T19:05:49","modified_gmt":"2022-07-14T22:05:49","slug":"palmeiras-e-sao-paulo-decidem-vaga-nas-quartas-da-copa-do-brasil","status":"publish","type":"post","link":"https:\/\/diarioregionaldigital.com.br\/?p=201652","title":{"rendered":"Palmeiras e S\u00e3o Paulo decidem vaga nas quartas da Copa do Brasil"},"content":{"rendered":"<p>Palco da segunda partida da final do Campeonato Paulista, h\u00e1 pouco mais de tr\u00eas meses, o Allianz Parque receber\u00e1, mais uma vez, um Choque-Rei decisivo em 2022, agora pela Copa do Brasil. Nesta quinta-feira (14), Palmeiras e S\u00e3o Paulo se enfrentam a partir das 20h (hor\u00e1rio de Bras\u00edlia), no duelo de volta do confronto pelas oitavas de final da competi\u00e7\u00e3o nacional.<img decoding=\"async\" src=\"https:\/\/agenciabrasil.ebc.com.br\/ebc.png?id=1471000&amp;o=node\" \/><img decoding=\"async\" src=\"https:\/\/agenciabrasil.ebc.com.br\/ebc.gif?id=1471000&amp;o=node\" \/><\/p>\n<p>O Tricolor possui vantagem do empate por ter vencido o jogo de ida por 1 a 0, h\u00e1 tr\u00eas semanas, no Morumbi, com gol do meia Patrick. O Verd\u00e3o tem de ganhar por dois gols ou mais de diferen\u00e7a para se classificar no tempo normal. Caso o placar agregado fique igualado ao final dos 90 minutos no Allianz, a vaga ser\u00e1 definida nos p\u00eanaltis.<\/p>\n<p>No final do Paulista, o S\u00e3o Paulo tamb\u00e9m havia levado a melhor na primeira partida, vencendo por 3 a 1. O Palmeiras, contudo, goleou por 4 a 0 no Choque-Rei da volta, em casa, para garantir o t\u00edtulo estadual.<\/p>\n<p>Segundo o Verd\u00e3o, 40.250 ingressos foram vendidos at\u00e9 as 12h45 desta quinta, o que significa que o Allianz dever\u00e1 ter o maior p\u00fablico do est\u00e1dio na temporada, superando os 40.235 presentes no empate por 0 a 0 com o Atl\u00e9tico-MG, pelo Campeonato Brasileiro, em 5 de junho. Na ocasi\u00e3o, por\u00e9m, tamb\u00e9m havia torcedores do Galo. Desta vez, as arquibancadas ser\u00e3o 100% palmeirenses &#8211; os cl\u00e1ssicos em S\u00e3o Paulo s\u00e3o disputados com torcida \u00fanica.<\/p>\n<p>Como vem sendo recorrente, o S\u00e3o Paulo tem v\u00e1rios desfalques. O mais recente \u00e9 o lateral Reinaldo, com um estiramento no adutor da coxa direita, sofrido no empate sem gols contra o Atl\u00e9tico-MG, no \u00faltimo domingo (10), no Mineir\u00e3o, pelo Brasileiro. Diante do Galo, foram nove aus\u00eancias. Para o Choque-Rei, cinco jogadores est\u00e3o de volta: os zagueiros Diego Costa e L\u00e9o, os volantes Gabriel Neves e Rodrigo Nestor e o atacante Luciano.<\/p>\n<p>No Palmeiras, a d\u00favida \u00e9 a presen\u00e7a ou n\u00e3o de Rony, que saiu de campo com dores no 0 a 0 de domingo, contra o Fortaleza, na Arena Castel\u00e3o, pelo Brasileir\u00e3o. Se n\u00e3o for a campo, o camisa 10 pode dar lugar a Breno Lopes, Gabriel Veron ou Wesley. O tamb\u00e9m atacante Rafael Navarro, que seria op\u00e7\u00e3o, recupera-se de les\u00e3o e est\u00e1 fora de combate.<\/p>\n<p><span style=\"font-weight: 400;\">Fonte: Ag\u00eancia Brasil <\/span><\/p>\n","protected":false},"excerpt":{"rendered":"<p>Palco da segunda partida da final do Campeonato Paulista, h\u00e1 pouco mais de tr\u00eas meses, o Allianz Parque receber\u00e1, mais uma vez, um Choque-Rei decisivo em 2022, agora pela Copa do Brasil. Nesta quinta-feira (14), Palmeiras e S\u00e3o Paulo se enfrentam a partir das 20h (hor\u00e1rio de Bras\u00edlia), no duelo de volta do confronto pelas [&hellip;]<\/p>\n","protected":false},"author":246,"featured_media":201654,"comment_status":"closed","ping_status":"closed","sticky":false,"template":"","format":"standard","meta":{"footnotes":""},"categories":[436,257,439],"tags":[],"class_list":["post-201652","post","type-post","status-publish","format-standard","has-post-thumbnail","hentry","category-destaque-da-semana","category-esporte","category-ultima-hora"],"_links":{"self":[{"href":"https:\/\/diarioregionaldigital.com.br\/index.php?rest_route=\/wp\/v2\/posts\/201652","targetHints":{"allow":["GET"]}}],"collection":[{"href":"https:\/\/diarioregionaldigital.com.br\/index.php?rest_route=\/wp\/v2\/posts"}],"about":[{"href":"https:\/\/diarioregionaldigital.com.br\/index.php?rest_route=\/wp\/v2\/types\/post"}],"author":[{"embeddable":true,"href":"https:\/\/diarioregionaldigital.com.br\/index.php?rest_route=\/wp\/v2\/users\/246"}],"replies":[{"embeddable":true,"href":"https:\/\/diarioregionaldigital.com.br\/index.php?rest_route=%2Fwp%2Fv2%2Fcomments&post=201652"}],"version-history":[{"count":1,"href":"https:\/\/diarioregionaldigital.com.br\/index.php?rest_route=\/wp\/v2\/posts\/201652\/revisions"}],"predecessor-version":[{"id":201655,"href":"https:\/\/diarioregionaldigital.com.br\/index.php?rest_route=\/wp\/v2\/posts\/201652\/revisions\/201655"}],"wp:featuredmedia":[{"embeddable":true,"href":"https:\/\/diarioregionaldigital.com.br\/index.php?rest_route=\/wp\/v2\/media\/201654"}],"wp:attachment":[{"href":"https:\/\/diarioregionaldigital.com.br\/index.php?rest_route=%2Fwp%2Fv2%2Fmedia&parent=201652"}],"wp:term":[{"taxonomy":"category","embeddable":true,"href":"https:\/\/diarioregionaldigital.com.br\/index.php?rest_route=%2Fwp%2Fv2%2Fcategories&post=201652"},{"taxonomy":"post_tag","embeddable":true,"href":"https:\/\/diarioregionaldigital.com.br\/index.php?rest_route=%2Fwp%2Fv2%2Ftags&post=201652"}],"curies":[{"name":"wp","href":"https:\/\/api.w.org\/{rel}","templated":true}]}}