{"id":201638,"date":"2022-07-14T18:51:03","date_gmt":"2022-07-14T21:51:03","guid":{"rendered":"https:\/\/diarioregionaldigital.com.br\/?p=201638"},"modified":"2022-07-14T18:51:03","modified_gmt":"2022-07-14T21:51:03","slug":"ministro-considera-essenciais-tres-sugestoes-de-militares-para-eleicao","status":"publish","type":"post","link":"https:\/\/diarioregionaldigital.com.br\/?p=201638","title":{"rendered":"Ministro considera essenciais tr\u00eas sugest\u00f5es de militares para elei\u00e7\u00e3o"},"content":{"rendered":"<p>O ministro da Defesa,\u00a0Paulo Sergio Nogueira, afirmou que militares consideram \u201cessenciais\u201d tr\u00eas das 15 propostas que as For\u00e7as Armadas j\u00e1 apresentaram \u00e0 Comiss\u00e3o de Transpar\u00eancia das Elei\u00e7\u00f5es, do Tribunal Superior Eleitoral (TSE).<img decoding=\"async\" src=\"https:\/\/agenciabrasil.ebc.com.br\/ebc.png?id=1470941&amp;o=node\" \/><img decoding=\"async\" src=\"https:\/\/agenciabrasil.ebc.com.br\/ebc.gif?id=1470941&amp;o=node\" \/><\/p>\n<p>\u201cH\u00e1 tr\u00eas propostas que consideramos importantes e que, se acolhidas \u2013 e ainda h\u00e1 tempo para acolh\u00ea-las [para as elei\u00e7\u00f5es deste ano] \u2013 resolveriam muita coisa\u201d, declarou Nogueira ao participar, hoje (14), de uma audi\u00eancia p\u00fablica realizada pela Comiss\u00e3o de Fiscaliza\u00e7\u00e3o e Controle do Senado.<\/p>\n<p>As sugest\u00f5es apresentadas a pretexto de \u201caprimorar o processo eleitoral\u201d pedem que o teste de integridade a que as urnas eletr\u00f4nicas s\u00e3o submetidas reproduzam as mesmas condi\u00e7\u00f5es do dia da vota\u00e7\u00e3o, incluindo o uso da identifica\u00e7\u00e3o biom\u00e9trica de eleitores. \u201cIsto reduziria a possibilidade de um c\u00f3digo malicioso [<em>malware<\/em>] furtar-se ao teste\u201d, justificou Nogueira.<\/p>\n<p>Os militares tamb\u00e9m prop\u00f5em que urnas eletr\u00f4nicas que a Justi\u00e7a Eleitoral adquiriu a partir de 2020 sejam submetidos ao Teste P\u00fablico de Seguran\u00e7a. De acordo com o ministro, a estimativa \u00e9 que cerca de 39% dos equipamentos que ser\u00e3o empregados nas elei\u00e7\u00f5es deste ano estejam entre elas.<\/p>\n<p>\u201cSalvo melhor ju\u00edzo, n\u00e3o foi feito teste p\u00fablico de seguran\u00e7a nestas [novas] urnas. A justificativa do tribunal \u00e9 que essas s\u00e3o urnas altamente tecnol\u00f3gicas, com sistema criptogr\u00e1fico de alt\u00edssima gera\u00e7\u00e3o e que n\u00e3o haveria necessidade do teste\u201d, disse Nogueira, acrescentando que a medida reduziria eventuais d\u00favidas quanto \u00e0 integridade dos equipamentos.<\/p>\n<p>Tamb\u00e9m classificada por Nogueira como uma \u201cconsidera\u00e7\u00e3o\u201d, a terceira das propostas \u00e9 para que o TSE torne efetiva a participa\u00e7\u00e3o das \u201centidades fiscalizadoras\u201d em todas as oito fases do processo eleitoral.<\/p>\n<p>\u201cS\u00e3o tr\u00eas propostas que entendemos como essenciais e concitamos [estimulamos] para que possamos conversar sobre elas\u201d, incitou o ministro ao afirmar que a ado\u00e7\u00e3o das medidas minimizaria \u201ctoda a press\u00e3o, toda a discuss\u00e3o\u201d t\u00e9cnica e pol\u00edtica em torno da seguran\u00e7a do sistema eleitoral. \u201cApresentamos propostas plaus\u00edveis e exequ\u00edveis que n\u00e3o tem nada de outro mundo&#8221;.<\/p>\n<p>Consultado pela\u00a0<strong>Ag\u00eancia Brasil<\/strong>\u00a0para que se manifestasse sobre as sugest\u00f5es, o Tribunal Superior Eleitoral ainda n\u00e3o se pronunciou sobre o assunto. O presidente da Corte, ministro Edson Fachin, foi convidado pela Comiss\u00e3o de Fiscaliza\u00e7\u00e3o e Controle a participar da audi\u00eancia p\u00fablica, mas afirmou j\u00e1 ter outros compromissos agendados para a mesma data.<\/p>\n<p>Em maio deste ano, representantes da Pol\u00edcia Federal, do Minist\u00e9rio P\u00fablico Federal, da Ordem dos Advogados do Brasil (OAB), do Congresso Nacional e do Tribunal de Contas da Uni\u00e3o (TCU), al\u00e9m de membros das \u00e1reas acad\u00eamica e cient\u00edfica que participaram do\u00a0<a href=\"https:\/\/agenciabrasil.ebc.com.br\/justica\/noticia\/2022-05\/sistema-de-votacao-continua-integro-e-seguro-diz-relatorio-do-tse\" target=\"_blank\" rel=\"noopener\">Teste P\u00fablico de Seguran\u00e7a assinaram um relat\u00f3rio que aponta<\/a>\u00a0que o sistema eleitoral eletr\u00f4nico \u00e9 \u201c\u00edntegro e seguro\u201d, mesmo que \u201capresentando espa\u00e7os para melhoria nos quesitos relativos \u00e0 qualidade do projeto e \u00e0 depend\u00eancia dos mecanismos de seguran\u00e7a externos\u201d.<\/p>\n<p>Ontem (13), o Tribunal de Contas da Uni\u00e3o (TCU) tornou p\u00fablico o resultado de uma auditoria que apontou n\u00e3o haver \u201c<a href=\"https:\/\/agenciabrasil.ebc.com.br\/politica\/noticia\/2022-07\/tcu-conclui-que-urna-eletronica-e-segura\" target=\"_blank\" rel=\"noopener\">riscos relevantes \u00e0 realiza\u00e7\u00e3o das elei\u00e7\u00f5es de 2022\u201d<\/a>\u00a0no Brasil. A auditoria, contudo, \u201cainda ter\u00e1 continuidade com a avalia\u00e7\u00e3o de requisitos de auditabilidade dos procedimentos estabelecidos pelo TSE\u201d.<\/p>\n<h2>T\u00e9cnico<\/h2>\n<p>Convidado a acompanhar o ministro da Defesa ao Senado e fazer uma exposi\u00e7\u00e3o t\u00e9cnica durante a audi\u00eancia p\u00fablica, o coronel Marcelo Nogueira de Souza, do Ex\u00e9rcito, elogiou as medidas de seguran\u00e7a eletr\u00f4nica que o TSE vem implementando ao longo dos anos, mas n\u00e3o descartou \u201calgumas amea\u00e7as\u201d ao sistema.<\/p>\n<p>\u201cReconhecemos que houve um avan\u00e7o incr\u00edvel na seguran\u00e7a da urna eletr\u00f4nica e do sistema eletr\u00f4nico de vota\u00e7\u00e3o, mas tamb\u00e9m que estas contribui\u00e7\u00f5es foram feitas muito em [fun\u00e7\u00e3o de] uma [poss\u00edvel] amea\u00e7a externa\u201d, comentou o coronel, pontuando que as informa\u00e7\u00f5es que o TSE forneceu aos militares convidados a integrar a Comiss\u00e3o de Transpar\u00eancia das Elei\u00e7\u00f5es foram insuficientes para avaliar o real potencial risco de os equipamentos sofrerem com o que ele classificou como \u201camea\u00e7as internas\u201d.<\/p>\n<p>\u201cEm rela\u00e7\u00e3o a amea\u00e7as externas, h\u00e1 sim um grande n\u00edvel de prote\u00e7\u00e3o. A urna n\u00e3o se conecta \u00e0 internet e n\u00e3o tem outras liga\u00e7\u00f5es [em rede]. J\u00e1 em rela\u00e7\u00e3o a amea\u00e7as internas, n\u00e3o temos dispon\u00edvel, at\u00e9 o momento, a documenta\u00e7\u00e3o que nos leve a formar uma opini\u00e3o conclusiva. Mas, enquanto amea\u00e7a, como uma vulnerabilidade, \u00e9 sim poss\u00edvel a inser\u00e7\u00e3o de um c\u00f3digo malicioso que fique l\u00e1, latente, esperando algum tipo de acionamento e que se furte aos testes\u201d, acrescentou Souza.<\/p>\n<p>Para o militar, que \u00e9 graduado em Engenharia de Telecomunica\u00e7\u00f5es e possui mestrado em Engenharia El\u00e9trica, umas das fragilidades do sistema reside no fato de que, segundo o pr\u00f3prio TSE, cerca de 10% das urnas costumam apresentar problemas no dia da elei\u00e7\u00e3o e, por isso, precisam ser substitu\u00eddas. De acordo com Souza, as urnas reservas n\u00e3o passam pelos testes de integridade, mas s\u00e3o colocadas em uso conforme a necessidade.<\/p>\n<p>\u201c\u00c9 poss\u00edvel que um c\u00f3digo malicioso esteja instalado nas urnas reservas\u201d, disse Souza. \u201cPor esta e outras possibilidades de uso de\u00a0<em>malware\u00a0<\/em>por agente interno, propomos uma pequena altera\u00e7\u00e3o no que j\u00e1 est\u00e1 estabelecido. Coerente com uma resolu\u00e7\u00e3o do pr\u00f3prio TSE, que prev\u00ea a realiza\u00e7\u00e3o do teste das urnas em condi\u00e7\u00f5es reais de uso, [sugerimos] que [algumas] urnas sejam escolhidas para que, em vez de serem levadas para a sede dos TREs [Tribunais Regionais Eleitorais], seriam colocadas em paralelo na [pr\u00f3pria] sess\u00e3o eleitoral, onde haveria [seria usada por] eleitores com biometria. O eleitor votaria e seria perguntado se ele gostaria de contribuir para o teste da urna, gerando um fluxo de registro na urna teste similar ao das urnas originais. Ap\u00f3s isto, os servidores fariam a vota\u00e7\u00e3o em c\u00e9dula de papel que seria conferida com o boletim de urna. A escolha aleat\u00f3ria das urnas [testes] modificaria pequenos procedimentos j\u00e1 estabelecido, mas traria um grau de seguran\u00e7a maior em rela\u00e7\u00e3o \u00e0 poss\u00edvel amea\u00e7as\u201d, finalizou o coronel.<\/p>\n<p><span style=\"font-weight: 400;\">Fonte: Ag\u00eancia Brasil <\/span><\/p>\n","protected":false},"excerpt":{"rendered":"<p>O ministro da Defesa,\u00a0Paulo Sergio Nogueira, afirmou que militares consideram \u201cessenciais\u201d tr\u00eas das 15 propostas que as For\u00e7as Armadas j\u00e1 apresentaram \u00e0 Comiss\u00e3o de Transpar\u00eancia das Elei\u00e7\u00f5es, do Tribunal Superior Eleitoral (TSE). \u201cH\u00e1 tr\u00eas propostas que consideramos importantes e que, se acolhidas \u2013 e ainda h\u00e1 tempo para acolh\u00ea-las [para as elei\u00e7\u00f5es deste ano] \u2013 [&hellip;]<\/p>\n","protected":false},"author":246,"featured_media":201639,"comment_status":"closed","ping_status":"closed","sticky":false,"template":"","format":"standard","meta":{"footnotes":""},"categories":[436,254,439],"tags":[],"class_list":["post-201638","post","type-post","status-publish","format-standard","has-post-thumbnail","hentry","category-destaque-da-semana","category-politica","category-ultima-hora"],"_links":{"self":[{"href":"https:\/\/diarioregionaldigital.com.br\/index.php?rest_route=\/wp\/v2\/posts\/201638","targetHints":{"allow":["GET"]}}],"collection":[{"href":"https:\/\/diarioregionaldigital.com.br\/index.php?rest_route=\/wp\/v2\/posts"}],"about":[{"href":"https:\/\/diarioregionaldigital.com.br\/index.php?rest_route=\/wp\/v2\/types\/post"}],"author":[{"embeddable":true,"href":"https:\/\/diarioregionaldigital.com.br\/index.php?rest_route=\/wp\/v2\/users\/246"}],"replies":[{"embeddable":true,"href":"https:\/\/diarioregionaldigital.com.br\/index.php?rest_route=%2Fwp%2Fv2%2Fcomments&post=201638"}],"version-history":[{"count":1,"href":"https:\/\/diarioregionaldigital.com.br\/index.php?rest_route=\/wp\/v2\/posts\/201638\/revisions"}],"predecessor-version":[{"id":201640,"href":"https:\/\/diarioregionaldigital.com.br\/index.php?rest_route=\/wp\/v2\/posts\/201638\/revisions\/201640"}],"wp:featuredmedia":[{"embeddable":true,"href":"https:\/\/diarioregionaldigital.com.br\/index.php?rest_route=\/wp\/v2\/media\/201639"}],"wp:attachment":[{"href":"https:\/\/diarioregionaldigital.com.br\/index.php?rest_route=%2Fwp%2Fv2%2Fmedia&parent=201638"}],"wp:term":[{"taxonomy":"category","embeddable":true,"href":"https:\/\/diarioregionaldigital.com.br\/index.php?rest_route=%2Fwp%2Fv2%2Fcategories&post=201638"},{"taxonomy":"post_tag","embeddable":true,"href":"https:\/\/diarioregionaldigital.com.br\/index.php?rest_route=%2Fwp%2Fv2%2Ftags&post=201638"}],"curies":[{"name":"wp","href":"https:\/\/api.w.org\/{rel}","templated":true}]}}