{"id":201632,"date":"2022-07-14T18:42:26","date_gmt":"2022-07-14T21:42:26","guid":{"rendered":"https:\/\/diarioregionaldigital.com.br\/?p=201632"},"modified":"2022-07-14T18:42:26","modified_gmt":"2022-07-14T21:42:26","slug":"tcu-conclui-que-urna-eletronica-e-segura","status":"publish","type":"post","link":"https:\/\/diarioregionaldigital.com.br\/?p=201632","title":{"rendered":"TCU conclui que urna eletr\u00f4nica \u00e9 segura"},"content":{"rendered":"<p>O Tribunal de Contas da Uni\u00e3o (TCU) concluiu que o sistema eletr\u00f4nico de vota\u00e7\u00e3o \u00e9 seguro e n\u00e3o h\u00e1 riscos relevantes para a realiza\u00e7\u00e3o das elei\u00e7\u00f5es de outubro.<img decoding=\"async\" src=\"https:\/\/agenciabrasil.ebc.com.br\/ebc.png?id=1470935&amp;o=node\" \/><img decoding=\"async\" src=\"https:\/\/agenciabrasil.ebc.com.br\/ebc.gif?id=1470935&amp;o=node\" \/><\/p>\n<p>A conclus\u00e3o est\u00e1 em um relat\u00f3rio de auditoria apresentado ontem (13) pelo tribunal. A investiga\u00e7\u00e3o avaliou a gest\u00e3o de riscos para prote\u00e7\u00e3o do processo eleitoral e capacidade de evitar a interrup\u00e7\u00e3o da normalidade das elei\u00e7\u00f5es contra falhas graves.<\/p>\n<p>Para os auditores, o TSE possui um cronograma para aprova\u00e7\u00e3o de projetos de defesa cibern\u00e9tica e h\u00e1 planos de conting\u00eancias para evitar a interrup\u00e7\u00e3o do sistema em caso de incidentes.<\/p>\n<p>O relat\u00f3rio aprovado est\u00e1 relacionado \u00e0 terceira etapa da auditoria realizada pelo TCU no sistema de vota\u00e7\u00e3o.<\/p>\n<p>O relator da auditoria, ministro Bruno Dantas, elogiou os testes de seguran\u00e7a realizados pelo TSE e a cria\u00e7\u00e3o da Comiss\u00e3o de Transpar\u00eancia das Elei\u00e7\u00f5es (CTE), grupo criado para receber sugest\u00f5es de melhorias do processo eleitoral.<\/p>\n<p>&#8220;Percebo que o TSE tem se esmerado em aperfei\u00e7oar a seguran\u00e7a interna do processo eleitoral, ainda que o sucesso do pleito tamb\u00e9m demande articula\u00e7\u00e3o com outras institui\u00e7\u00f5es e com a sociedade&#8221;, declarou.<\/p>\n<p><a href=\"https:\/\/agenciabrasil.ebc.com.br\/justica\/noticia\/2022-05\/tse-encerra-fase-de-testes-das-urnas-eletronicas\" target=\"_blank\" rel=\"noopener\">Em maio, o TSE concluiu a segunda fase do teste p\u00fablico de seguran\u00e7a (TPS)<\/a>\u00a0do sistema eletr\u00f4nico das elei\u00e7\u00f5es deste ano.<\/p>\n<p><span style=\"font-weight: 400;\">Fonte: Ag\u00eancia Brasil <\/span><\/p>\n","protected":false},"excerpt":{"rendered":"<p>O Tribunal de Contas da Uni\u00e3o (TCU) concluiu que o sistema eletr\u00f4nico de vota\u00e7\u00e3o \u00e9 seguro e n\u00e3o h\u00e1 riscos relevantes para a realiza\u00e7\u00e3o das elei\u00e7\u00f5es de outubro. A conclus\u00e3o est\u00e1 em um relat\u00f3rio de auditoria apresentado ontem (13) pelo tribunal. A investiga\u00e7\u00e3o avaliou a gest\u00e3o de riscos para prote\u00e7\u00e3o do processo eleitoral e capacidade [&hellip;]<\/p>\n","protected":false},"author":246,"featured_media":201633,"comment_status":"closed","ping_status":"closed","sticky":false,"template":"","format":"standard","meta":{"footnotes":""},"categories":[436,440,254,439],"tags":[],"class_list":["post-201632","post","type-post","status-publish","format-standard","has-post-thumbnail","hentry","category-destaque-da-semana","category-destaques-do-dia","category-politica","category-ultima-hora"],"_links":{"self":[{"href":"https:\/\/diarioregionaldigital.com.br\/index.php?rest_route=\/wp\/v2\/posts\/201632","targetHints":{"allow":["GET"]}}],"collection":[{"href":"https:\/\/diarioregionaldigital.com.br\/index.php?rest_route=\/wp\/v2\/posts"}],"about":[{"href":"https:\/\/diarioregionaldigital.com.br\/index.php?rest_route=\/wp\/v2\/types\/post"}],"author":[{"embeddable":true,"href":"https:\/\/diarioregionaldigital.com.br\/index.php?rest_route=\/wp\/v2\/users\/246"}],"replies":[{"embeddable":true,"href":"https:\/\/diarioregionaldigital.com.br\/index.php?rest_route=%2Fwp%2Fv2%2Fcomments&post=201632"}],"version-history":[{"count":1,"href":"https:\/\/diarioregionaldigital.com.br\/index.php?rest_route=\/wp\/v2\/posts\/201632\/revisions"}],"predecessor-version":[{"id":201634,"href":"https:\/\/diarioregionaldigital.com.br\/index.php?rest_route=\/wp\/v2\/posts\/201632\/revisions\/201634"}],"wp:featuredmedia":[{"embeddable":true,"href":"https:\/\/diarioregionaldigital.com.br\/index.php?rest_route=\/wp\/v2\/media\/201633"}],"wp:attachment":[{"href":"https:\/\/diarioregionaldigital.com.br\/index.php?rest_route=%2Fwp%2Fv2%2Fmedia&parent=201632"}],"wp:term":[{"taxonomy":"category","embeddable":true,"href":"https:\/\/diarioregionaldigital.com.br\/index.php?rest_route=%2Fwp%2Fv2%2Fcategories&post=201632"},{"taxonomy":"post_tag","embeddable":true,"href":"https:\/\/diarioregionaldigital.com.br\/index.php?rest_route=%2Fwp%2Fv2%2Ftags&post=201632"}],"curies":[{"name":"wp","href":"https:\/\/api.w.org\/{rel}","templated":true}]}}