{"id":201625,"date":"2022-07-14T18:31:19","date_gmt":"2022-07-14T21:31:19","guid":{"rendered":"https:\/\/diarioregionaldigital.com.br\/?p=201625"},"modified":"2022-07-14T18:31:19","modified_gmt":"2022-07-14T21:31:19","slug":"governo-reve-estimativa-para-o-pib-de-15-para-2","status":"publish","type":"post","link":"https:\/\/diarioregionaldigital.com.br\/?p=201625","title":{"rendered":"Governo rev\u00ea estimativa para o PIB de 1,5% para 2%"},"content":{"rendered":"<p>O governo federal aumentou a previs\u00e3o de crescimento do Produto Interno Bruto (PIB, soma dos bens e dos servi\u00e7os produzidos no pa\u00eds) este ano. Com a nova estimativa, o crescimento da economia passou de 1,5% para 2%. Para o pr\u00f3ximo ano, foi mantida a proje\u00e7\u00e3o de crescimento de 2,5%. As informa\u00e7\u00f5es constam do Boletim Macrofiscal, divulgado hoje (14) pelo Minist\u00e9rio da Economia.<img decoding=\"async\" src=\"https:\/\/agenciabrasil.ebc.com.br\/ebc.png?id=1470875&amp;o=node\" \/><img decoding=\"async\" src=\"https:\/\/agenciabrasil.ebc.com.br\/ebc.gif?id=1470875&amp;o=node\" \/><\/p>\n<p>Al\u00e9m da expectativa de alta do PIB, o governo diminuiu a previs\u00e3o da infla\u00e7\u00e3o para este ano medida pelo \u00cdndice de Pre\u00e7os ao Consumidor Amplo (IPCA), que passou de 7,9% para 7,2%. Essa proje\u00e7\u00e3o j\u00e1 incorpora o impacto de medidas legislativas aprovadas nos pre\u00e7os de combust\u00edveis, energia el\u00e9trica e comunica\u00e7\u00e3o.<\/p>\n<p>Apesar da redu\u00e7\u00e3o, a infla\u00e7\u00e3o ainda est\u00e1 acima da meta definida pelo Conselho Monet\u00e1rio Nacional (CMN) de 3,5%, com intervalo de varia\u00e7\u00e3o de 1,5 ponto percentual para cima e para baixo.<\/p>\n<p>No ano, o IPCA acumula alta de 5,49% e, em 12 meses, o \u00edndice registra alta de 11,89%. J\u00e1 para o pr\u00f3ximo ano, o resultado da infla\u00e7\u00e3o foi reavaliado de 3,6% para 4,5%. A meta estabelecida pelo CMN \u00e9 de 3,25%, com o mesmo intervalo de toler\u00e2ncia.<\/p>\n<h2>PIB<\/h2>\n<p>Segundo o boletim, entre outros fatores, a revis\u00e3o positiva para o PIB est\u00e1 relacionada ao desempenho da atividade econ\u00f4mica. Pesquisas mensais do Instituto Brasileiro de Geografia e Estat\u00edstica (IBGE) apontaram um crescimento me\u0301dio mensal na margem nos meses de abril e maio da ind\u00fastria geral de 0,2% e na ind\u00fastria da transformac\u0327a\u0303o de 0,4%.<\/p>\n<p>\u201cOutra e\u0302nfase que fundamenta a mudanc\u0327a da projec\u0327a\u0303o do PIB neste ano se da\u0301 pelas alterac\u0327o\u0303es no mercado de trabalho, cuja variac\u0327a\u0303o da populac\u0327a\u0303o ocupada (PO) no trimestre mo\u0301vel findo em maio de 2022 e\u0301 de 10,6% em relac\u0327a\u0303o ao mesmo peri\u0301odo do ano anterior. Essa variac\u0327a\u0303o interanual significa um incremento da populac\u0327a\u0303o ocupada de 9,4 milho\u0303es de trabalhadores\u201d, diz o boletim.<\/p>\n<p>O minist\u00e9rio destaca, por\u00e9m, que o cena\u0301rio internacional continua desafiador, com redu\u00e7\u00e3o na perspectiva do crescimento global e o patamar ainda elevado dos prec\u0327os das\u00a0<em>commodities\u00a0<\/em>de energia e alimentos.<\/p>\n<p>As estimativas de crescimento do PIB dos pai\u0301ses desenvolvidos foram revisadas de 3,8%, no ini\u0301cio do ano, para 2,6%, no final de junho de 2022. No caso dos pa\u00edses emergentes, cujas projec\u0327o\u0303es foram alteradas de 5% no in\u00edcio do ano para 3,7% no final de junho, segundo a Bloomberg.<\/p>\n<p>\u201cEssas revis\u00f5es, em grande medida, sa\u0303o respostas a\u0300 deteriorac\u0327a\u0303o do cena\u0301rio geopoli\u0301tico \u2013 guerra no Leste Europeu \u2013 e da piora das condic\u0327o\u0303es financeiras, explicada pela elevac\u0327a\u0303o da curva de juros. A taxa de juros mensal para cinco anos nos Estados Unidos atingiu o maior patamar desde 2008. Resultado semelhante ocorre para a Alemanha, Franc\u0327a e outros pai\u0301ses europeus cujo ni\u0301vel da taxa de juros esta\u0301 no maior patamar desde a crise de 2012\u201d, diz o boletim.<\/p>\n<p><span style=\"font-weight: 400;\">Fonte: Ag\u00eancia Brasil <\/span><\/p>\n","protected":false},"excerpt":{"rendered":"<p>O governo federal aumentou a previs\u00e3o de crescimento do Produto Interno Bruto (PIB, soma dos bens e dos servi\u00e7os produzidos no pa\u00eds) este ano. Com a nova estimativa, o crescimento da economia passou de 1,5% para 2%. Para o pr\u00f3ximo ano, foi mantida a proje\u00e7\u00e3o de crescimento de 2,5%. As informa\u00e7\u00f5es constam do Boletim Macrofiscal, [&hellip;]<\/p>\n","protected":false},"author":246,"featured_media":201626,"comment_status":"closed","ping_status":"closed","sticky":false,"template":"","format":"standard","meta":{"footnotes":""},"categories":[436,261,439],"tags":[],"class_list":["post-201625","post","type-post","status-publish","format-standard","has-post-thumbnail","hentry","category-destaque-da-semana","category-economia","category-ultima-hora"],"_links":{"self":[{"href":"https:\/\/diarioregionaldigital.com.br\/index.php?rest_route=\/wp\/v2\/posts\/201625","targetHints":{"allow":["GET"]}}],"collection":[{"href":"https:\/\/diarioregionaldigital.com.br\/index.php?rest_route=\/wp\/v2\/posts"}],"about":[{"href":"https:\/\/diarioregionaldigital.com.br\/index.php?rest_route=\/wp\/v2\/types\/post"}],"author":[{"embeddable":true,"href":"https:\/\/diarioregionaldigital.com.br\/index.php?rest_route=\/wp\/v2\/users\/246"}],"replies":[{"embeddable":true,"href":"https:\/\/diarioregionaldigital.com.br\/index.php?rest_route=%2Fwp%2Fv2%2Fcomments&post=201625"}],"version-history":[{"count":2,"href":"https:\/\/diarioregionaldigital.com.br\/index.php?rest_route=\/wp\/v2\/posts\/201625\/revisions"}],"predecessor-version":[{"id":201628,"href":"https:\/\/diarioregionaldigital.com.br\/index.php?rest_route=\/wp\/v2\/posts\/201625\/revisions\/201628"}],"wp:featuredmedia":[{"embeddable":true,"href":"https:\/\/diarioregionaldigital.com.br\/index.php?rest_route=\/wp\/v2\/media\/201626"}],"wp:attachment":[{"href":"https:\/\/diarioregionaldigital.com.br\/index.php?rest_route=%2Fwp%2Fv2%2Fmedia&parent=201625"}],"wp:term":[{"taxonomy":"category","embeddable":true,"href":"https:\/\/diarioregionaldigital.com.br\/index.php?rest_route=%2Fwp%2Fv2%2Fcategories&post=201625"},{"taxonomy":"post_tag","embeddable":true,"href":"https:\/\/diarioregionaldigital.com.br\/index.php?rest_route=%2Fwp%2Fv2%2Ftags&post=201625"}],"curies":[{"name":"wp","href":"https:\/\/api.w.org\/{rel}","templated":true}]}}