{"id":201622,"date":"2022-07-14T18:29:35","date_gmt":"2022-07-14T21:29:35","guid":{"rendered":"https:\/\/diarioregionaldigital.com.br\/?p=201622"},"modified":"2022-07-14T18:29:35","modified_gmt":"2022-07-14T21:29:35","slug":"consumo-nos-lares-cresce-202-revela-pesquisa","status":"publish","type":"post","link":"https:\/\/diarioregionaldigital.com.br\/?p=201622","title":{"rendered":"Consumo nos lares cresce 2,02%, revela pesquisa"},"content":{"rendered":"<p>O consumo nos lares brasileiros registrou queda de 3,47% em maio na compara\u00e7\u00e3o com abril. Em rela\u00e7\u00e3o ao mesmo per\u00edodo de 2021, houve alta de 0,39%. No acumulado do ano tem-se expans\u00e3o de 2,02%. Os dados foram divulgados hoje (14), em S\u00e3o Paulo, pela Associa\u00e7\u00e3o Brasileira de Supermercados (Abras). A queda da infla\u00e7\u00e3o em maio refletiu em menor varia\u00e7\u00e3o nos pre\u00e7os da cesta de alimentos.<img decoding=\"async\" src=\"https:\/\/agenciabrasil.ebc.com.br\/ebc.png?id=1470895&amp;o=node\" \/><img decoding=\"async\" src=\"https:\/\/agenciabrasil.ebc.com.br\/ebc.gif?id=1470895&amp;o=node\" \/><\/p>\n<p>Segundo o vice-presidente institucional da Abras, Marcio Milan, a expectativa \u00e9 de que a redu\u00e7\u00e3o do ICMS (Imposto sobre Circula\u00e7\u00e3o de Mercadorias e Servi\u00e7os) sobre os combust\u00edveis, que impacta o frete, a queda do desemprego e os novos recursos que devem ser injetados na economia decorrentes da Proposta de Emenda \u00e0 Constitui\u00e7\u00e3o \u2013 a chamada PEC dos Benef\u00edcios &#8211; contribuam para o consumo nos lares.<\/p>\n<p>\u201cEstamos confiantes na sinaliza\u00e7\u00e3o dos analistas de mercado para uma infla\u00e7\u00e3o em menor patamar para o pr\u00f3ximo m\u00eas, o que pode diminuir o pre\u00e7o da cesta de alimentos\u201d, disse Milan.<\/p>\n<h2>Cesta<\/h2>\n<p>Segundo dados da Abras, o valor da cesta de 35 produtos de largo consumo (alimentos, bebidas, carnes, produtos de limpeza, itens de higiene e beleza) sofreu reflexo da queda da infla\u00e7\u00e3o de maio. A varia\u00e7\u00e3o em maio foi de 0,94%, sendo a menor alta desde janeiro. Com isso, o pre\u00e7o m\u00e9dio da cesta nacional passou de R$ 758,72 em abril para R$ 765,82 em maio. J\u00e1 no acumulado do ano houve alta de 9,32% e, em 12 meses, a varia\u00e7\u00e3o foi de 17,20%.<\/p>\n<p>As maiores altas de janeiro a maio foram do feij\u00e3o (28,46%), leite longa vida (28,04%), \u00f3leo de soja (22,57%), farinha de trigo (21%), caf\u00e9 torrado e mo\u00eddo (14,63%), massa s\u00eamola de espaguete (12,12%), margarina (8,94%), arroz (2,59%) e a\u00e7\u00facar (0,61%).<\/p>\n<p>No sentido contr\u00e1rio, aparecem os cortes da carne bovina que apresentaram queda em maio devido \u00e0 baixa demanda: traseiro (-0,84%) e dianteiro (-0,07%). No entanto, no acumulado do ano os dois itens tiveram alta de 4,84% e 4,87%.<\/p>\n<p>No grupo de higiene e beleza, os produtos com maior varia\u00e7\u00e3o positiva nos pre\u00e7os foram o sabonete (12,64%), xampu (6,31%), creme dental (6,24%) e papel higi\u00eanico (5,26%). Na categoria limpeza, as maiores varia\u00e7\u00f5es foram puxadas por sab\u00e3o em p\u00f3 (10,62%), detergente l\u00edquido para lou\u00e7as (6,24%), desinfetante (4,78%) e \u00e1gua sanit\u00e1ria (4,66%).<\/p>\n<h2>Regi\u00f5es<\/h2>\n<p>A Regi\u00e3o Sul apresentou a maior varia\u00e7\u00e3o no pre\u00e7o m\u00e9dio da cesta, com alta de 2,10%, passando de R$ 842,49 em abril para R$ 860,15 em maio. Em 12 meses, a varia\u00e7\u00e3o \u00e9 21,22%, a maior dentre as cinco regi\u00f5es do pa\u00eds.<\/p>\n<p>J\u00e1 a regi\u00e3o Sudeste teve recuo de 0,10%. O pre\u00e7o m\u00e9dio da cesta caiu de R$ 748,05 em abril para R$ 747,31 em maio. Nos \u00faltimos 12 meses, a varia\u00e7\u00e3o \u00e9 de 19%.<\/p>\n<p>Nas outras regi\u00f5es, as varia\u00e7\u00f5es no acumulado dos 12 meses foram: Nordeste (18,17%), Centro-Oeste (15,35%) e Norte (12,03%).<\/p>\n<p><span style=\"font-weight: 400;\">Fonte: Ag\u00eancia Brasil <\/span><\/p>\n","protected":false},"excerpt":{"rendered":"<p>O consumo nos lares brasileiros registrou queda de 3,47% em maio na compara\u00e7\u00e3o com abril. Em rela\u00e7\u00e3o ao mesmo per\u00edodo de 2021, houve alta de 0,39%. No acumulado do ano tem-se expans\u00e3o de 2,02%. Os dados foram divulgados hoje (14), em S\u00e3o Paulo, pela Associa\u00e7\u00e3o Brasileira de Supermercados (Abras). A queda da infla\u00e7\u00e3o em maio [&hellip;]<\/p>\n","protected":false},"author":246,"featured_media":201623,"comment_status":"closed","ping_status":"closed","sticky":false,"template":"","format":"standard","meta":{"footnotes":""},"categories":[436,261,439],"tags":[],"class_list":["post-201622","post","type-post","status-publish","format-standard","has-post-thumbnail","hentry","category-destaque-da-semana","category-economia","category-ultima-hora"],"_links":{"self":[{"href":"https:\/\/diarioregionaldigital.com.br\/index.php?rest_route=\/wp\/v2\/posts\/201622","targetHints":{"allow":["GET"]}}],"collection":[{"href":"https:\/\/diarioregionaldigital.com.br\/index.php?rest_route=\/wp\/v2\/posts"}],"about":[{"href":"https:\/\/diarioregionaldigital.com.br\/index.php?rest_route=\/wp\/v2\/types\/post"}],"author":[{"embeddable":true,"href":"https:\/\/diarioregionaldigital.com.br\/index.php?rest_route=\/wp\/v2\/users\/246"}],"replies":[{"embeddable":true,"href":"https:\/\/diarioregionaldigital.com.br\/index.php?rest_route=%2Fwp%2Fv2%2Fcomments&post=201622"}],"version-history":[{"count":1,"href":"https:\/\/diarioregionaldigital.com.br\/index.php?rest_route=\/wp\/v2\/posts\/201622\/revisions"}],"predecessor-version":[{"id":201624,"href":"https:\/\/diarioregionaldigital.com.br\/index.php?rest_route=\/wp\/v2\/posts\/201622\/revisions\/201624"}],"wp:featuredmedia":[{"embeddable":true,"href":"https:\/\/diarioregionaldigital.com.br\/index.php?rest_route=\/wp\/v2\/media\/201623"}],"wp:attachment":[{"href":"https:\/\/diarioregionaldigital.com.br\/index.php?rest_route=%2Fwp%2Fv2%2Fmedia&parent=201622"}],"wp:term":[{"taxonomy":"category","embeddable":true,"href":"https:\/\/diarioregionaldigital.com.br\/index.php?rest_route=%2Fwp%2Fv2%2Fcategories&post=201622"},{"taxonomy":"post_tag","embeddable":true,"href":"https:\/\/diarioregionaldigital.com.br\/index.php?rest_route=%2Fwp%2Fv2%2Ftags&post=201622"}],"curies":[{"name":"wp","href":"https:\/\/api.w.org\/{rel}","templated":true}]}}