{"id":201618,"date":"2022-07-14T18:28:08","date_gmt":"2022-07-14T21:28:08","guid":{"rendered":"https:\/\/diarioregionaldigital.com.br\/?p=201618"},"modified":"2022-07-14T18:28:08","modified_gmt":"2022-07-14T21:28:08","slug":"atividade-economica-cai-011-em-maio-revela-o-banco-central","status":"publish","type":"post","link":"https:\/\/diarioregionaldigital.com.br\/?p=201618","title":{"rendered":"Atividade econ\u00f4mica cai 0,11% em maio, revela o Banco Central"},"content":{"rendered":"<p>A atividade econ\u00f4mica brasileira apresentou uma queda de 0,11% em maio, na compara\u00e7\u00e3o com abril, de acordo com dados divulgados hoje (14), em Bras\u00edlia, pelo Banco Central (BC). Este \u00e9 o segundo m\u00eas seguido de queda no \u00cdndice de Atividade Econ\u00f4mica do Banco Central (IBC-BR), indicador considerado como uma pr\u00e9via do Produto Interno Bruto (PIB).<img decoding=\"async\" src=\"https:\/\/agenciabrasil.ebc.com.br\/ebc.png?id=1470869&amp;o=node\" \/><img decoding=\"async\" src=\"https:\/\/agenciabrasil.ebc.com.br\/ebc.gif?id=1470869&amp;o=node\" \/><\/p>\n<p>Em abril, o\u00a0<a href=\"http:\/\/agenciabrasil.ebc.com.br\/economia\/noticia\/2022-07\/atividade-economica-recua-044-em-abril-segundo-banco-central\" target=\"_blank\" rel=\"noopener\">IBC-BR<\/a>\u00a0j\u00e1 havia apresentado recuo de 0,44% na compara\u00e7\u00e3o com mar\u00e7o, quando houve alta de 1,09%. No acumulado do ano, o IBC-Br ficou em 2,08%. Em 12 meses, ele acumula alta de 2,66%.<\/p>\n<p>Os dados s\u00e3o dessazonalizados, ou seja, desconsideram diferen\u00e7as de feriados e de oscila\u00e7\u00f5es da atividade econ\u00f4mica, t\u00edpicas de determinadas \u00e9pocas do ano.<\/p>\n<h2>Juros<\/h2>\n<p><a href=\"http:\/\/agenciabrasil.ebc.com.br\/economia\/noticia\/2022-06\/copom-eleva-juros-basicos-da-economia-para-1325-ao-ano\" target=\"_blank\" rel=\"noopener\">O\u00a0IBC-BR<\/a>\u00a0\u00e9 uma forma de avaliar a evolu\u00e7\u00e3o da atividade econ\u00f4mica brasileira e ajuda o BC a tomar decis\u00f5es sobre a taxa b\u00e1sica de juros, a Selic, definida atualmente em 13,25% ao ano.<\/p>\n<p>O indicador incorpora informa\u00e7\u00f5es sobre o n\u00edvel de atividade dos tr\u00eas setores da economia: a ind\u00fastria, o com\u00e9rcio e os servi\u00e7os e a agropecu\u00e1ria, al\u00e9m do volume de impostos.<\/p>\n<p>Segundo o BC, o IBC-Br terminou o trimestre do ano com varia\u00e7\u00e3o positiva de 0,92%, tamb\u00e9m considerando os dados dessazonalizados. Na compara\u00e7\u00e3o com maio de 2021, o \u00cdndice de Atividade Econ\u00f4mica apresentou alta de 3,74%. Assim, chegou a 141,97 pontos.<\/p>\n<p><span style=\"font-weight: 400;\"><br \/>\n<\/span><span style=\"font-weight: 400;\">Fonte: Ag\u00eancia Brasil\u00a0<\/span><span style=\"font-weight: 400;\"><br \/>\n<\/span><\/p>\n","protected":false},"excerpt":{"rendered":"<p>A atividade econ\u00f4mica brasileira apresentou uma queda de 0,11% em maio, na compara\u00e7\u00e3o com abril, de acordo com dados divulgados hoje (14), em Bras\u00edlia, pelo Banco Central (BC). Este \u00e9 o segundo m\u00eas seguido de queda no \u00cdndice de Atividade Econ\u00f4mica do Banco Central (IBC-BR), indicador considerado como uma pr\u00e9via do Produto Interno Bruto (PIB). [&hellip;]<\/p>\n","protected":false},"author":246,"featured_media":201619,"comment_status":"closed","ping_status":"closed","sticky":false,"template":"","format":"standard","meta":{"footnotes":""},"categories":[436,440,261,439],"tags":[],"class_list":["post-201618","post","type-post","status-publish","format-standard","has-post-thumbnail","hentry","category-destaque-da-semana","category-destaques-do-dia","category-economia","category-ultima-hora"],"_links":{"self":[{"href":"https:\/\/diarioregionaldigital.com.br\/index.php?rest_route=\/wp\/v2\/posts\/201618","targetHints":{"allow":["GET"]}}],"collection":[{"href":"https:\/\/diarioregionaldigital.com.br\/index.php?rest_route=\/wp\/v2\/posts"}],"about":[{"href":"https:\/\/diarioregionaldigital.com.br\/index.php?rest_route=\/wp\/v2\/types\/post"}],"author":[{"embeddable":true,"href":"https:\/\/diarioregionaldigital.com.br\/index.php?rest_route=\/wp\/v2\/users\/246"}],"replies":[{"embeddable":true,"href":"https:\/\/diarioregionaldigital.com.br\/index.php?rest_route=%2Fwp%2Fv2%2Fcomments&post=201618"}],"version-history":[{"count":2,"href":"https:\/\/diarioregionaldigital.com.br\/index.php?rest_route=\/wp\/v2\/posts\/201618\/revisions"}],"predecessor-version":[{"id":201621,"href":"https:\/\/diarioregionaldigital.com.br\/index.php?rest_route=\/wp\/v2\/posts\/201618\/revisions\/201621"}],"wp:featuredmedia":[{"embeddable":true,"href":"https:\/\/diarioregionaldigital.com.br\/index.php?rest_route=\/wp\/v2\/media\/201619"}],"wp:attachment":[{"href":"https:\/\/diarioregionaldigital.com.br\/index.php?rest_route=%2Fwp%2Fv2%2Fmedia&parent=201618"}],"wp:term":[{"taxonomy":"category","embeddable":true,"href":"https:\/\/diarioregionaldigital.com.br\/index.php?rest_route=%2Fwp%2Fv2%2Fcategories&post=201618"},{"taxonomy":"post_tag","embeddable":true,"href":"https:\/\/diarioregionaldigital.com.br\/index.php?rest_route=%2Fwp%2Fv2%2Ftags&post=201618"}],"curies":[{"name":"wp","href":"https:\/\/api.w.org\/{rel}","templated":true}]}}