{"id":201615,"date":"2022-07-14T00:00:29","date_gmt":"2022-07-14T03:00:29","guid":{"rendered":"https:\/\/diarioregionaldigital.com.br\/?p=201615"},"modified":"2022-07-13T23:29:13","modified_gmt":"2022-07-14T02:29:13","slug":"palavras-comovem-testemunhos-arrastam-14-07-2022","status":"publish","type":"post","link":"https:\/\/diarioregionaldigital.com.br\/?p=201615","title":{"rendered":"Palavras Comovem Testemunhos Arrastam &#8211; 14\/07\/2022"},"content":{"rendered":"<p>Meu caro leitor \u00e9 com alegria que novamente estamos chegando at\u00e9 voc\u00ea para mais uma edi\u00e7\u00e3o de palavras comovem mas testemunhos arrastam. Bem sei de sua expectativa para ler os testemunhos aqui apresentados. Hoje teremos dois belos testemunhos\u00a0 vamos ao primeiro: Padre Erelis, a sua ben\u00e7\u00e3o! Tudo bem? eu sou a m\u00e3e do beb\u00ea\u00a0 que o senhor rezou pela cura. No m\u00eas passado passamos por um momento muito dif\u00edcil, Deus \u00e9 bom o tempo todo e hoje meu filho est\u00e1 bem e em casa. Internamos com ele no dia de pentecoste e retornamos no dia de Corpus Christi.<\/p>\n<p>Meu filho internou somente para ser medicado no hospital e fazer o uso do oxig\u00eanio, na segunda feira quando ele acordou estava em estado febril, como uma crian\u00e7a com menos de dois meses se tiver febre e preciso realizar o exame para descartar a Minigite, ele exame colhe um l\u00edquido da coluna do beb\u00ea, segundo o m\u00e9dico o exame duraria em torno de 20 a 30 minutos, eu e meu esposo ficamos sentados na porta do centro cir\u00fargico e passou o tempo e o meu beb\u00ea n\u00e3o era liberado, notamos uma movimenta\u00e7\u00e3o de chegada de enfermeiras e m\u00e9dicos, nesse momento j\u00e1 comecei a ficar desorientada e com o cora\u00e7\u00e3o apertado. Ap\u00f3s 1 hora ele dentro do centro cir\u00fargico, o pediatra dele m\u00e9dico\u00a0 abriu a porta e estava sem o meu filho nos bra\u00e7os, chegando perto de n\u00f3s nos deu a not\u00edcia de que no momento do exame do meu filho teve que ser reanimado e que ele precisava de ser transferido para um hospital com uma UTI neonatal, pois na nossa cidade n\u00e3o tem uma UTI neonatal, em uma sala do centro cir\u00fargico foi montado para o primeiro atendimento dele uma UTI. Naquele momento ele perguntou se eu ou o meu esposo gostaria de entrar para ver o nosso filho, acabou que eu entrei, quando cheguei no centro cir\u00fargico meu filho estava com a m\u00e1scara de oxig\u00eanio que chama CPAP, meu filho estava em pranto de choro e nada o acalmava, essa minha primeira visita pude permanecer por 3 minutos ao lado dele, perguntei ao m\u00e9dico qual a chance dele sobreviver, a resposta dele foi: &#8221; N\u00e3o posso te d\u00e1 chances, tudo agora s\u00f3 depende dele.&#8221; Sai dali e liguei para a minha m\u00e3e, implorando a ela que se ela estivesse rezando uma Ave Maria pela sa\u00fade dele que era para rezar mil. J\u00e1 estava sem for\u00e7as e sem esperan\u00e7as, come\u00e7ava a rezar e n\u00e3o conseguia finalizar.<\/p>\n<p>Come\u00e7amos uma saga pela transfer\u00eancia dele, a cidade mais pr\u00f3xima seria JF ou Barbacena, nas duas nem em hospital particular e nem em hospital do SUS n\u00e3o tinha uma vaga na UTI.<\/p>\n<p>Como meu filho estava muito agitado foi permitido a minha presen\u00e7a do lado dele para acalma-lo, meu filho precisava tomar a medica\u00e7\u00e3o aplicada pelo acesso venoso, por\u00e9m as veias s\u00e3o muito finas e n\u00e3o suportava a medica\u00e7\u00e3o. \u00a0Meu filho foi perfurado para colocar o acesso venoso por 13 vezes em um \u00fanico dia. Meu filho n\u00e3o conseguia se alimentar sendo preciso colocar uma sonda.\u00a0 As 22:00 horas o m\u00e9dico n\u00f3s deu a not\u00edcia de que havia conseguido a transfer\u00eancia para BH e que \u00edamos precisar de uma ambul\u00e2ncia neonatal, nesse momento come\u00e7ou mais uma batalha, o plano de sa\u00fade liberou o contrato com a ambul\u00e2ncia as 05:00 da manh\u00e3 e a previs\u00e3o era de chegar \u00e0s 07:00 no hor\u00e1rio previsto recebi uma liga\u00e7\u00e3o de que n\u00e3o seria poss\u00edvel a ambul\u00e2ncia chegar no hor\u00e1rio marcado pois o m\u00e9dico teve um imprevisto, o sofrimento do meu filho foi prolongado mais um pouco, ele j\u00e1 estava com a satura\u00e7\u00e3o baixa e a temperatura estava alta, a m\u00e9dica do meu lado dizendo que ele precisava da transfer\u00eancia, a sua estadia no centro cir\u00fargico foi perseguida o tempo todo por 2 m\u00e9dicos irm\u00e3os que gritava e pedia para retirar o rec\u00e9m nascido do centro cir\u00fargico que ali n\u00e3o era o lugar dele. Sei que n\u00e3o era, mas ali era o local mais adequado e \u00fanico que ele podia estar. A ambul\u00e2ncia chegou era 13:00 horas e fomos a sentido BH, chegamos em BH era 18:00 horas.<\/p>\n<p>Meu filho foi tratado com dignidade, lutou bravamente pela vida, usou os aparelhos respirat\u00f3rios adequado para a sua necessidade, ficamos com ele na UTI em BH por 7 dias, logo ap\u00f3s sendo transferido para o quarto e na sequ\u00eancia tivemos alta( digo tivemos pois foi permitido a presen\u00e7a minha e do meu esposo do lado do nosso filho).<\/p>\n<p>Nesse nosso per\u00edodo de sofrimento Padre Erelis, minha irm\u00e3 sempre repassava mensagens suas em ora\u00e7\u00e3o pela vida do nosso pequeno, somos gratos por isso.<\/p>\n<p>Me recordo que prestes meu filho nascer o senhor veio celebrar na nossa par\u00f3quia e no momento em que chegamos na igreja o senhor nos cumprimentou e aben\u00e7oou a gesta\u00e7\u00e3o.<\/p>\n<p>O que seria de n\u00f3s sem as ora\u00e7\u00f5es? Sabemos que foram muitas ora\u00e7\u00f5es e somos gratos.<\/p>\n<p>Meu filho t\u00e1 muito bem com a gra\u00e7a de Deus e de Maria Sant\u00edssima, ele \u00e9 prova viva desse milagre nas nossas vidas.<\/p>\n<p>Grande abra\u00e7o e fica com Deus.<\/p>\n<p>Agrade\u00e7o todas ora\u00e7\u00f5es e b\u00ean\u00e7\u00e3os recebidas.<\/p>\n<p>S\u00e3o Judas Tadeu de Jesus ap\u00f3stolo amado seja no c\u00e9u nosso advogado! Am\u00e9m !<\/p>\n<p>Vamos ao segundo: Bom dia Padre Erelis sou aquele jovem que dia 28 de junho ligou pro senhor pedindo ora\u00e7\u00f5es porque teria que fazer uma cirurgia de ves\u00edcula e estava apreensivo e o senhor me deu uma b\u00ean\u00e7\u00e3o e disse que seria um sucesso a cirurgia<\/p>\n<p>Hoje dia 9 de julho venho de novo agradecer suas ora\u00e7\u00f5es pelo sucesso da minha cirurgia, estou em recupera\u00e7\u00e3o, mas cada dia melhor. Agrade\u00e7o todas ora\u00e7\u00f5es e b\u00ean\u00e7\u00e3os recebidas. S\u00e3o Judas Tadeu de jesus ap\u00f3stolo amado seja no c\u00e9u nosso advogado! Am\u00e9m !!<\/p>\n<p>Vejam como Deus age na vida das pessoas.<\/p>\n<p>Convido voc\u00ea para participar da missa de S\u00e3o Judas Tadeu das causas imposs\u00edveis clamando a miseric\u00f3rdia de Jesus por sa\u00fade e liberta\u00e7\u00e3o toda \u00faltima\u00a0 quarta feira \u00e0s 19h na Rua D.Pedro ll n\u00famero 109\u00a0 bairro Mariano Proc\u00f3pio e do ter\u00e7o todos os dias\u00a0 \u00e0s 12; 15h; \u00e0s\u00a0 20e30h; \u00e0s 22h pelo Youtube e Facebook do santu\u00e1rio virtual S\u00e3o Judas Tadeu. svsaojudastadeu.com; \u00e0s 06h ; \u00e0s 10 e 23h pelo Whatzapp; Deixo o n\u00famero do meu celular para me ligarem quando precisar de uma ora\u00e7\u00e3o 988652609 se eu n\u00e3o atender na hora eu retornarei assim que eu ver a liga\u00e7\u00e3o.<\/p>\n","protected":false},"excerpt":{"rendered":"<p>Meu caro leitor \u00e9 com alegria que novamente estamos chegando at\u00e9 voc\u00ea para mais uma edi\u00e7\u00e3o de palavras comovem mas testemunhos arrastam. Bem sei de sua expectativa para ler os testemunhos aqui apresentados. Hoje teremos dois belos testemunhos\u00a0 vamos ao primeiro: Padre Erelis, a sua ben\u00e7\u00e3o! Tudo bem? eu sou a m\u00e3e do beb\u00ea\u00a0 que [&hellip;]<\/p>\n","protected":false},"author":96,"featured_media":0,"comment_status":"closed","ping_status":"closed","sticky":false,"template":"","format":"standard","meta":{"footnotes":""},"categories":[1245],"tags":[],"class_list":["post-201615","post","type-post","status-publish","format-standard","hentry","category-padre-erelis"],"_links":{"self":[{"href":"https:\/\/diarioregionaldigital.com.br\/index.php?rest_route=\/wp\/v2\/posts\/201615","targetHints":{"allow":["GET"]}}],"collection":[{"href":"https:\/\/diarioregionaldigital.com.br\/index.php?rest_route=\/wp\/v2\/posts"}],"about":[{"href":"https:\/\/diarioregionaldigital.com.br\/index.php?rest_route=\/wp\/v2\/types\/post"}],"author":[{"embeddable":true,"href":"https:\/\/diarioregionaldigital.com.br\/index.php?rest_route=\/wp\/v2\/users\/96"}],"replies":[{"embeddable":true,"href":"https:\/\/diarioregionaldigital.com.br\/index.php?rest_route=%2Fwp%2Fv2%2Fcomments&post=201615"}],"version-history":[{"count":1,"href":"https:\/\/diarioregionaldigital.com.br\/index.php?rest_route=\/wp\/v2\/posts\/201615\/revisions"}],"predecessor-version":[{"id":201616,"href":"https:\/\/diarioregionaldigital.com.br\/index.php?rest_route=\/wp\/v2\/posts\/201615\/revisions\/201616"}],"wp:attachment":[{"href":"https:\/\/diarioregionaldigital.com.br\/index.php?rest_route=%2Fwp%2Fv2%2Fmedia&parent=201615"}],"wp:term":[{"taxonomy":"category","embeddable":true,"href":"https:\/\/diarioregionaldigital.com.br\/index.php?rest_route=%2Fwp%2Fv2%2Fcategories&post=201615"},{"taxonomy":"post_tag","embeddable":true,"href":"https:\/\/diarioregionaldigital.com.br\/index.php?rest_route=%2Fwp%2Fv2%2Ftags&post=201615"}],"curies":[{"name":"wp","href":"https:\/\/api.w.org\/{rel}","templated":true}]}}