{"id":201607,"date":"2022-07-14T00:00:23","date_gmt":"2022-07-14T03:00:23","guid":{"rendered":"https:\/\/diarioregionaldigital.com.br\/?p=201607"},"modified":"2022-07-13T23:21:56","modified_gmt":"2022-07-14T02:21:56","slug":"prefeitura-municipal-de-descoberto-extrato-de-contrato-14-07-2022","status":"publish","type":"post","link":"https:\/\/diarioregionaldigital.com.br\/?p=201607","title":{"rendered":"Prefeitura Municipal de Descoberto &#8211; Extrato de Contrato &#8211; 14\/07\/2022"},"content":{"rendered":"<p style=\"text-align: center;\"><strong>EXTRATO DE CONTRATO<\/strong><\/p>\n<p>Pref. Municipal de Descoberto x FB Promo\u00e7\u00f5es e Produ\u00e7\u00f5es LTDA &#8211; Objeto: Contrata\u00e7\u00e3o de Show art\u00edstico da dupla Pedro Paulo e Alex, a se realizar no dia 03\/09\/2022, na 12\u00aa Exposi\u00e7\u00e3o Agropecu\u00e1ria e Industrial de Descoberto\/MG- Fundamento: Inexigibilidade n\u00ba 006\/2022 \u2013 Valor Global: 105.000,00 \u2013 Vig\u00eancia:\u00a0 02 meses \u2013 Dot or\u00e7: 02.02006.20.606.0014.216-339039\/100 &#8211; Ass: 13\/07\/2022- Foro: S\u00e3o Jo\u00e3o Nepomuceno\/MG.<\/p>\n<p style=\"text-align: center;\"><strong>Marcos de Ara\u00fajo Lima<\/strong><\/p>\n<p style=\"text-align: center;\"><strong>Prefeito Municipal<\/strong><\/p>\n","protected":false},"excerpt":{"rendered":"<p>EXTRATO DE CONTRATO Pref. Municipal de Descoberto x FB Promo\u00e7\u00f5es e Produ\u00e7\u00f5es LTDA &#8211; Objeto: Contrata\u00e7\u00e3o de Show art\u00edstico da dupla Pedro Paulo e Alex, a se realizar no dia 03\/09\/2022, na 12\u00aa Exposi\u00e7\u00e3o Agropecu\u00e1ria e Industrial de Descoberto\/MG- Fundamento: Inexigibilidade n\u00ba 006\/2022 \u2013 Valor Global: 105.000,00 \u2013 Vig\u00eancia:\u00a0 02 meses \u2013 Dot or\u00e7: 02.02006.20.606.0014.216-339039\/100 [&hellip;]<\/p>\n","protected":false},"author":96,"featured_media":0,"comment_status":"closed","ping_status":"closed","sticky":false,"template":"","format":"standard","meta":{"footnotes":""},"categories":[307],"tags":[],"class_list":["post-201607","post","type-post","status-publish","format-standard","hentry","category-editais"],"_links":{"self":[{"href":"https:\/\/diarioregionaldigital.com.br\/index.php?rest_route=\/wp\/v2\/posts\/201607","targetHints":{"allow":["GET"]}}],"collection":[{"href":"https:\/\/diarioregionaldigital.com.br\/index.php?rest_route=\/wp\/v2\/posts"}],"about":[{"href":"https:\/\/diarioregionaldigital.com.br\/index.php?rest_route=\/wp\/v2\/types\/post"}],"author":[{"embeddable":true,"href":"https:\/\/diarioregionaldigital.com.br\/index.php?rest_route=\/wp\/v2\/users\/96"}],"replies":[{"embeddable":true,"href":"https:\/\/diarioregionaldigital.com.br\/index.php?rest_route=%2Fwp%2Fv2%2Fcomments&post=201607"}],"version-history":[{"count":1,"href":"https:\/\/diarioregionaldigital.com.br\/index.php?rest_route=\/wp\/v2\/posts\/201607\/revisions"}],"predecessor-version":[{"id":201608,"href":"https:\/\/diarioregionaldigital.com.br\/index.php?rest_route=\/wp\/v2\/posts\/201607\/revisions\/201608"}],"wp:attachment":[{"href":"https:\/\/diarioregionaldigital.com.br\/index.php?rest_route=%2Fwp%2Fv2%2Fmedia&parent=201607"}],"wp:term":[{"taxonomy":"category","embeddable":true,"href":"https:\/\/diarioregionaldigital.com.br\/index.php?rest_route=%2Fwp%2Fv2%2Fcategories&post=201607"},{"taxonomy":"post_tag","embeddable":true,"href":"https:\/\/diarioregionaldigital.com.br\/index.php?rest_route=%2Fwp%2Fv2%2Ftags&post=201607"}],"curies":[{"name":"wp","href":"https:\/\/api.w.org\/{rel}","templated":true}]}}