{"id":201594,"date":"2022-07-13T20:22:32","date_gmt":"2022-07-13T23:22:32","guid":{"rendered":"https:\/\/diarioregionaldigital.com.br\/?p=201594"},"modified":"2022-07-13T20:22:32","modified_gmt":"2022-07-13T23:22:32","slug":"pjf-monta-esquema-de-transporte-para-o-torneio-leiteiro-de-sarandira","status":"publish","type":"post","link":"https:\/\/diarioregionaldigital.com.br\/?p=201594","title":{"rendered":"PJF monta esquema de transporte para o Torneio Leiteiro de Sarandira"},"content":{"rendered":"<p>Segundo informa\u00e7\u00f5es do site da Prefeitura de Juiz de Fora (PJF), nesta quinta-feira, 14, a Prefeitura de Juiz de Fora (PJF) disponibiliza hor\u00e1rios da linha 313 de transporte coletivo, ida e volta, para atender as demandas de p\u00fablico do torneio Leiteiro. O evento tem entrada gratuita e ser\u00e1 realizado no campo de futebol da comunidade,\u00a0 prosseguindo at\u00e9 domingo, 17.<\/p>\n<p>No primeiro dia de evento,14, o TCU ser\u00e1 disponibilizado \u00e0s 21h30 com sa\u00edda do centro seguindo para Sarandira. O retorno do transporte acontecer\u00e1 \u00e0s 22h40 com sa\u00edda do bairro. Sexta-feira, 15, ser\u00e1 disponibilizado hor\u00e1rio tamb\u00e9m \u00e0s 21h30 com sa\u00edda do centro seguindo para o bairro. O retorno para o centro acontece \u00e0s 00h30.<\/p>\n<p>No s\u00e1bado, 16, o TCU ter\u00e1 sa\u00edda do centro \u00e0s 22h30 seguindo para o evento, e retorno acontecer\u00e1 \u00e0s 03h com sa\u00edda do bairro.<\/p>\n","protected":false},"excerpt":{"rendered":"<p>Segundo informa\u00e7\u00f5es do site da Prefeitura de Juiz de Fora (PJF), nesta quinta-feira, 14, a Prefeitura de Juiz de Fora (PJF) disponibiliza hor\u00e1rios da linha 313 de transporte coletivo, ida e volta, para atender as demandas de p\u00fablico do torneio Leiteiro. O evento tem entrada gratuita e ser\u00e1 realizado no campo de futebol da comunidade,\u00a0 [&hellip;]<\/p>\n","protected":false},"author":246,"featured_media":201595,"comment_status":"closed","ping_status":"closed","sticky":false,"template":"","format":"standard","meta":{"footnotes":""},"categories":[253,436,439],"tags":[],"class_list":["post-201594","post","type-post","status-publish","format-standard","has-post-thumbnail","hentry","category-cidade","category-destaque-da-semana","category-ultima-hora"],"_links":{"self":[{"href":"https:\/\/diarioregionaldigital.com.br\/index.php?rest_route=\/wp\/v2\/posts\/201594","targetHints":{"allow":["GET"]}}],"collection":[{"href":"https:\/\/diarioregionaldigital.com.br\/index.php?rest_route=\/wp\/v2\/posts"}],"about":[{"href":"https:\/\/diarioregionaldigital.com.br\/index.php?rest_route=\/wp\/v2\/types\/post"}],"author":[{"embeddable":true,"href":"https:\/\/diarioregionaldigital.com.br\/index.php?rest_route=\/wp\/v2\/users\/246"}],"replies":[{"embeddable":true,"href":"https:\/\/diarioregionaldigital.com.br\/index.php?rest_route=%2Fwp%2Fv2%2Fcomments&post=201594"}],"version-history":[{"count":2,"href":"https:\/\/diarioregionaldigital.com.br\/index.php?rest_route=\/wp\/v2\/posts\/201594\/revisions"}],"predecessor-version":[{"id":201597,"href":"https:\/\/diarioregionaldigital.com.br\/index.php?rest_route=\/wp\/v2\/posts\/201594\/revisions\/201597"}],"wp:featuredmedia":[{"embeddable":true,"href":"https:\/\/diarioregionaldigital.com.br\/index.php?rest_route=\/wp\/v2\/media\/201595"}],"wp:attachment":[{"href":"https:\/\/diarioregionaldigital.com.br\/index.php?rest_route=%2Fwp%2Fv2%2Fmedia&parent=201594"}],"wp:term":[{"taxonomy":"category","embeddable":true,"href":"https:\/\/diarioregionaldigital.com.br\/index.php?rest_route=%2Fwp%2Fv2%2Fcategories&post=201594"},{"taxonomy":"post_tag","embeddable":true,"href":"https:\/\/diarioregionaldigital.com.br\/index.php?rest_route=%2Fwp%2Fv2%2Ftags&post=201594"}],"curies":[{"name":"wp","href":"https:\/\/api.w.org\/{rel}","templated":true}]}}