{"id":201588,"date":"2022-07-13T20:17:21","date_gmt":"2022-07-13T23:17:21","guid":{"rendered":"https:\/\/diarioregionaldigital.com.br\/?p=201588"},"modified":"2022-07-13T20:17:21","modified_gmt":"2022-07-13T23:17:21","slug":"prefeita-participa-de-abertura-do-minas-lactea-2022","status":"publish","type":"post","link":"https:\/\/diarioregionaldigital.com.br\/?p=201588","title":{"rendered":"Prefeita participa de abertura do Minas L\u00e1ctea 2022"},"content":{"rendered":"<p>Segundo informa\u00e7\u00f5es do site da Prefeitura de Juiz de Fora (PJF), a prefeita Margarida Salom\u00e3o participou, na noite desta ter\u00e7a-feira, 12, da solenidade de abertura do Minas L\u00e1ctea, um dos maiores eventos do setor de leite e derivados da Am\u00e9rica Latina. Realizada no Expominas, a edi\u00e7\u00e3o de 2022 marca a retomada presencial do evento ap\u00f3s dois anos, devido \u00e0s medidas de restri\u00e7\u00e3o da Covid-19, e a expectativa \u00e9 de receber mais de 12 mil visitantes durante os tr\u00eas dias, movimentando cerca de R$ 220 milh\u00f5es em neg\u00f3cios.<br \/>\nDurante a cerim\u00f4nia, a prefeita falou sobre a import\u00e2ncia do evento para o desenvolvimento do munic\u00edpio e regi\u00e3o. \u201c\u00c9 motivo de orgulho para nossa cidade sediar mais uma vez esse evento que tem como eixo o setor laticinista. Considero esse eixo estrat\u00e9gico no ponto de vista de desenvolvimento da nossa regi\u00e3o e do estado de Minas Gerais. Destaco, tamb\u00e9m, que a Prefeitura, atrav\u00e9s das secretarias de Agricultura, Pecu\u00e1ria e Abastecimento (Seapa) e de Desenvolvimento Sustent\u00e1vel e Inclusivo, da Inova\u00e7\u00e3o e Competitividade (Sedic), est\u00e1 articulando um Arranjo Produtivo Local (APL) do Queijo Minas em Juiz de Fora e demais cidades do entorno, um empreendimento fadado ao sucesso\u201d.<br \/>\nDe acordo com dados da Empresa de Assist\u00eancia T\u00e9cnica e Extens\u00e3o Rural de Minas Gerais (Emater-MG), em 2021, 800 pecuaristas de Juiz de Fora produziram mais de 20 milh\u00f5es de litros de leite. Os latic\u00ednios do munic\u00edpio produziram 323 mil unidades de produtos derivados do leite, e o Queijo Minas representa mais de 90% dessa produ\u00e7\u00e3o.<br \/>\nA secret\u00e1ria da Seapa, Fabiola Paulino da Silva, ressaltou que \u201ca cadeia produtiva do leite \u00e9 a principal atividade econ\u00f4mica agropecu\u00e1ria do munic\u00edpio de Juiz de Fora e, eventos como o Minas L\u00e1ctea, refor\u00e7am ainda mais a import\u00e2ncia do setor para a economia local. O evento divulga os avan\u00e7os da ci\u00eancia, pesquisa e tecnologia na pecu\u00e1ria leiteira. Sem d\u00favida nenhuma, \u00e9 uma oportunidade para os produtores conhecerem\u00a0as novidades em tecnologia e em produtos do setor, trocar experi\u00eancias e estabelecer novos ambientes de neg\u00f3cios\u201d.<br \/>\n<strong>Programa\u00e7\u00e3o segue at\u00e9 quinta-feira, 14<\/strong><br \/>\nO evento \u00e9 uma realiza\u00e7\u00e3o da Empresa de Pesquisa Agropecu\u00e1ria de Minas Gerais (Epamig). Neste ano, s\u00e3o 174 empresas participando da Exposi\u00e7\u00e3o de M\u00e1quinas, Equipamentos, Embalagens e Insumos para a Ind\u00fastria Laticinista (Expomaq) e 16 latic\u00ednios na Exposi\u00e7\u00e3o de Produtos L\u00e1cteos (Expolac). O p\u00fablico tem a oportunidade de realizar neg\u00f3cios, se atualizar sobre novas tecnologias pertinentes ao setor, aprimorar conhecimentos t\u00e9cnicos na \u00e1rea, al\u00e9m de conhecer novidades em equipamentos, maquin\u00e1rios e insumos para a cadeia do leite. A programa\u00e7\u00e3o completa e outros detalhes podem ser conferidos no<strong>\u00a0<\/strong><a href=\"http:\/\/minaslactea.com.br\/\"><strong>site<\/strong><\/a>.<br \/>\nNo Expominas, a Prefeitura de Juiz de Fora (PJF) est\u00e1 presente das 14h \u00e0s 21h, em estande pr\u00f3prio, para divulgar e atender os visitantes com informa\u00e7\u00f5es sobre os servi\u00e7os e projetos executados no \u00e2mbito municipal que envolvem a cadeia do leite, gera\u00e7\u00e3o de emprego e renda no setor\u00a0 e turismo.<br \/>\nAl\u00e9m disso, a PJF promover\u00e1 nesta quarta-feira, 13, das 18h \u00e0s 20h, e quinta-feira, 14, das 16h \u00e0s 18h, visitas guiadas pelos estandes instalados no local. Os produtores e empreendedores interessados nas visitas podem se inscrever pelo whatsapp: 2104-8619.<\/p>\n","protected":false},"excerpt":{"rendered":"<p>Segundo informa\u00e7\u00f5es do site da Prefeitura de Juiz de Fora (PJF), a prefeita Margarida Salom\u00e3o participou, na noite desta ter\u00e7a-feira, 12, da solenidade de abertura do Minas L\u00e1ctea, um dos maiores eventos do setor de leite e derivados da Am\u00e9rica Latina. Realizada no Expominas, a edi\u00e7\u00e3o de 2022 marca a retomada presencial do evento ap\u00f3s [&hellip;]<\/p>\n","protected":false},"author":246,"featured_media":201589,"comment_status":"closed","ping_status":"closed","sticky":false,"template":"","format":"standard","meta":{"footnotes":""},"categories":[253,436,440,439],"tags":[],"class_list":["post-201588","post","type-post","status-publish","format-standard","has-post-thumbnail","hentry","category-cidade","category-destaque-da-semana","category-destaques-do-dia","category-ultima-hora"],"_links":{"self":[{"href":"https:\/\/diarioregionaldigital.com.br\/index.php?rest_route=\/wp\/v2\/posts\/201588","targetHints":{"allow":["GET"]}}],"collection":[{"href":"https:\/\/diarioregionaldigital.com.br\/index.php?rest_route=\/wp\/v2\/posts"}],"about":[{"href":"https:\/\/diarioregionaldigital.com.br\/index.php?rest_route=\/wp\/v2\/types\/post"}],"author":[{"embeddable":true,"href":"https:\/\/diarioregionaldigital.com.br\/index.php?rest_route=\/wp\/v2\/users\/246"}],"replies":[{"embeddable":true,"href":"https:\/\/diarioregionaldigital.com.br\/index.php?rest_route=%2Fwp%2Fv2%2Fcomments&post=201588"}],"version-history":[{"count":1,"href":"https:\/\/diarioregionaldigital.com.br\/index.php?rest_route=\/wp\/v2\/posts\/201588\/revisions"}],"predecessor-version":[{"id":201590,"href":"https:\/\/diarioregionaldigital.com.br\/index.php?rest_route=\/wp\/v2\/posts\/201588\/revisions\/201590"}],"wp:featuredmedia":[{"embeddable":true,"href":"https:\/\/diarioregionaldigital.com.br\/index.php?rest_route=\/wp\/v2\/media\/201589"}],"wp:attachment":[{"href":"https:\/\/diarioregionaldigital.com.br\/index.php?rest_route=%2Fwp%2Fv2%2Fmedia&parent=201588"}],"wp:term":[{"taxonomy":"category","embeddable":true,"href":"https:\/\/diarioregionaldigital.com.br\/index.php?rest_route=%2Fwp%2Fv2%2Fcategories&post=201588"},{"taxonomy":"post_tag","embeddable":true,"href":"https:\/\/diarioregionaldigital.com.br\/index.php?rest_route=%2Fwp%2Fv2%2Ftags&post=201588"}],"curies":[{"name":"wp","href":"https:\/\/api.w.org\/{rel}","templated":true}]}}