{"id":201577,"date":"2022-07-13T20:03:43","date_gmt":"2022-07-13T23:03:43","guid":{"rendered":"https:\/\/diarioregionaldigital.com.br\/?p=201577"},"modified":"2022-07-13T20:03:43","modified_gmt":"2022-07-13T23:03:43","slug":"brasil-derrota-japao-para-alcancar-semifinais-da-liga-das-nacoes","status":"publish","type":"post","link":"https:\/\/diarioregionaldigital.com.br\/?p=201577","title":{"rendered":"Brasil derrota Jap\u00e3o para alcan\u00e7ar semifinais da Liga das Na\u00e7\u00f5es"},"content":{"rendered":"<p>O Brasil garantiu nesta quarta-feira (13) a classifica\u00e7\u00e3o para as semifinais da Liga das Na\u00e7\u00f5es feminina de v\u00f4lei ap\u00f3s derrotar o Jap\u00e3o nas quartas de final por 3 sets a 1 (parciais de 29\/27, 28\/26, 20\/25 e 25\/14) em Ancara (Turquia).<img decoding=\"async\" src=\"https:\/\/agenciabrasil.ebc.com.br\/ebc.png?id=1470786&amp;o=node\" \/><img decoding=\"async\" src=\"https:\/\/agenciabrasil.ebc.com.br\/ebc.gif?id=1470786&amp;o=node\" \/><\/p>\n<p>O grande destaque da equipe comandada pelo t\u00e9cnico Jos\u00e9 Roberto Guimar\u00e3es foi a ponteira Gabi, com 23 pontos (22 de ataque e um de bloqueio). \u201cFoi uma vit\u00f3ria incr\u00edvel contra o Jap\u00e3o pelas quartas de final. Atacamos v\u00e1rias vezes para conseguir colocar a bola no ch\u00e3o e tivemos paci\u00eancia e coragem nos momentos de decis\u00e3o. Nos unimos nos momentos de dificuldade e isso foi fundamental. O saque tamb\u00e9m foi importante. Come\u00e7amos errando muito nos dois primeiros sets, mas conseguimos reverter e trazer a vit\u00f3ria para o nosso time. Depois de perder o terceiro, voltamos com uma postura melhor no quarto, j\u00e1 sabendo onde atacar e [sendo] mais agressivas\u201d, declarou a jogadora.<\/p>\n<p>Na pr\u00f3xima fase da competi\u00e7\u00e3o o Brasil ter\u00e1 pela frente a S\u00e9rvia, que bateu os Estados Unidos por 3 sets a 2 (29\/27, 25\/23, 20\/25, 20\/25 e 15\/13). Brasileiras e s\u00e9rvias medem for\u00e7as no pr\u00f3ximo s\u00e1bado (16) em hor\u00e1rio a ser confirmado pela Federa\u00e7\u00e3o Internacional de Voleibol (FIVB).<\/p>\n<p><span style=\"font-weight: 400;\">Fonte:\u00a0 Ag\u00eancia Brasil <\/span><\/p>\n","protected":false},"excerpt":{"rendered":"<p>O Brasil garantiu nesta quarta-feira (13) a classifica\u00e7\u00e3o para as semifinais da Liga das Na\u00e7\u00f5es feminina de v\u00f4lei ap\u00f3s derrotar o Jap\u00e3o nas quartas de final por 3 sets a 1 (parciais de 29\/27, 28\/26, 20\/25 e 25\/14) em Ancara (Turquia). O grande destaque da equipe comandada pelo t\u00e9cnico Jos\u00e9 Roberto Guimar\u00e3es foi a ponteira [&hellip;]<\/p>\n","protected":false},"author":246,"featured_media":201578,"comment_status":"closed","ping_status":"closed","sticky":false,"template":"","format":"standard","meta":{"footnotes":""},"categories":[436,257,439],"tags":[],"class_list":["post-201577","post","type-post","status-publish","format-standard","has-post-thumbnail","hentry","category-destaque-da-semana","category-esporte","category-ultima-hora"],"_links":{"self":[{"href":"https:\/\/diarioregionaldigital.com.br\/index.php?rest_route=\/wp\/v2\/posts\/201577","targetHints":{"allow":["GET"]}}],"collection":[{"href":"https:\/\/diarioregionaldigital.com.br\/index.php?rest_route=\/wp\/v2\/posts"}],"about":[{"href":"https:\/\/diarioregionaldigital.com.br\/index.php?rest_route=\/wp\/v2\/types\/post"}],"author":[{"embeddable":true,"href":"https:\/\/diarioregionaldigital.com.br\/index.php?rest_route=\/wp\/v2\/users\/246"}],"replies":[{"embeddable":true,"href":"https:\/\/diarioregionaldigital.com.br\/index.php?rest_route=%2Fwp%2Fv2%2Fcomments&post=201577"}],"version-history":[{"count":2,"href":"https:\/\/diarioregionaldigital.com.br\/index.php?rest_route=\/wp\/v2\/posts\/201577\/revisions"}],"predecessor-version":[{"id":201580,"href":"https:\/\/diarioregionaldigital.com.br\/index.php?rest_route=\/wp\/v2\/posts\/201577\/revisions\/201580"}],"wp:featuredmedia":[{"embeddable":true,"href":"https:\/\/diarioregionaldigital.com.br\/index.php?rest_route=\/wp\/v2\/media\/201578"}],"wp:attachment":[{"href":"https:\/\/diarioregionaldigital.com.br\/index.php?rest_route=%2Fwp%2Fv2%2Fmedia&parent=201577"}],"wp:term":[{"taxonomy":"category","embeddable":true,"href":"https:\/\/diarioregionaldigital.com.br\/index.php?rest_route=%2Fwp%2Fv2%2Fcategories&post=201577"},{"taxonomy":"post_tag","embeddable":true,"href":"https:\/\/diarioregionaldigital.com.br\/index.php?rest_route=%2Fwp%2Fv2%2Ftags&post=201577"}],"curies":[{"name":"wp","href":"https:\/\/api.w.org\/{rel}","templated":true}]}}