{"id":201569,"date":"2022-07-13T19:40:35","date_gmt":"2022-07-13T22:40:35","guid":{"rendered":"https:\/\/diarioregionaldigital.com.br\/?p=201569"},"modified":"2022-07-13T19:40:35","modified_gmt":"2022-07-13T22:40:35","slug":"texto-base-da-pec-do-estado-de-emergencia-e-aprovado-em-2o-turno","status":"publish","type":"post","link":"https:\/\/diarioregionaldigital.com.br\/?p=201569","title":{"rendered":"Texto-base da PEC do Estado de Emerg\u00eancia \u00e9 aprovado em 2\u00ba turno"},"content":{"rendered":"<p>A C\u00e2mara dos Deputados aprovou, em segundo turno, o texto-base da PEC do Estado de Emerg\u00eancia (PEC 15\/22). O texto permite ao governo gastar por fora do teto de gastos mais R$ 41,25 bilh\u00f5es at\u00e9 o fim do ano para aumentar benef\u00edcios sociais, conceder ajuda financeira a caminhoneiros e taxistas, ampliar a compra de alimentos para pessoas de baixa renda e diminuir tributos do etanol.<\/p>\n<p>Foram <a href=\"https:\/\/www.camara.leg.br\/presenca-comissoes\/votacao-portal?reuniao=66204&amp;itemVotacao=11037\">469 votos a 17<\/a>. Os parlamentares analisam agora dois <span id=\"4027\" class=\"termoGlossario\" title=\"\" contenteditable=\"false\" data-toggle=\"tooltip\" data-placement=\"top\" data-original-title=\"Pedido feito por deputado ou l\u00edder de partido para votar, de forma separada, emenda ou parte do texto. A vota\u00e7\u00e3o ocorre ap\u00f3s a aprova\u00e7\u00e3o do texto principal.\">destaques<\/span> apresentados pelos partidos na tentativa de mudar o texto.<\/p>\n<p><strong>Ano eleitoral<\/strong><br \/>\nA fim de viabilizar os gastos em ano eleitoral (vedado pela legisla\u00e7\u00e3o) e contornar exig\u00eancias legais e da pr\u00f3pria Constitui\u00e7\u00e3o (teto de gastos \u2013 EC 95\/16), a proposta institui um estado de emerg\u00eancia at\u00e9 31 de dezembro de 2022. Todas essas medidas constavam da PEC 1\/22, <span id=\"4069\" class=\"termoGlossario\" title=\"\" contenteditable=\"false\" data-toggle=\"tooltip\" data-placement=\"top\" data-original-title=\"Projeto que tramita em conjunto com outro que trate de mat\u00e9ria semelhante. O relator deve analisar todas as proposi\u00e7\u00f5es apensadas, que dever\u00e3o constar do seu parecer.\" aria-describedby=\"tooltip953753\">apensada<\/span>.<\/p>\n<p>A cria\u00e7\u00e3o de benef\u00edcios destinados a pessoas f\u00edsicas e a transfer\u00eancia volunt\u00e1ria de recursos a estados e munic\u00edpios s\u00e3o proibidas nos tr\u00eas meses que antecedem as elei\u00e7\u00f5es. A \u00fanica exce\u00e7\u00e3o \u00e9 se isso ocorrer na vig\u00eancia de calamidade p\u00fablica ou de estado de emerg\u00eancia, conforme a Lei das Elei\u00e7\u00f5es.<\/p>\n<p>Segundo o <span id=\"4098\" class=\"termoGlossario\" title=\"\" contenteditable=\"false\" data-toggle=\"tooltip\" data-placement=\"top\" data-original-title=\"Nome que se d\u00e1 ao texto que altera substancialmente o conte\u00fado original da proposta. O substitutivo \u00e9 apresentado pelo relator e tem prefer\u00eancia na vota\u00e7\u00e3o sobre o projeto original.\">substitutivo<\/span> do relator, deputado <a href=\"https:\/\/www.camara.leg.br\/deputados\/62881\">Danilo Forte (Uni\u00e3o-CE)<\/a>, permanece na proposta a garantia de diferencial de al\u00edquota de tributos para tornar competitivos os <span id=\"4151\" class=\"termoGlossario\" title=\"\" contenteditable=\"false\" data-toggle=\"tooltip\" data-placement=\"top\" data-original-title=\"Combust\u00edvel produzido a partir de fontes biol\u00f3gicas renov\u00e1veis, como cana-de-a\u00e7\u00facar, milho, soja, mamona, lixo, esgoto, entre outras. O \u00e1lcool (ou etanol), a biomassa e o biodiesel s\u00e3o biocombust\u00edveis. Os biocombust\u00edveis podem ser usados isoladamente ou adicionados aos combust\u00edveis convencionais.\">biocombust\u00edveis<\/span> (biodiesel e etanol) em rela\u00e7\u00e3o aos combust\u00edveis f\u00f3sseis.<\/p>\n<p>Fonte: Ag\u00eancia C\u00e2mara de Not\u00edcias<\/p>\n","protected":false},"excerpt":{"rendered":"<p>A C\u00e2mara dos Deputados aprovou, em segundo turno, o texto-base da PEC do Estado de Emerg\u00eancia (PEC 15\/22). O texto permite ao governo gastar por fora do teto de gastos mais R$ 41,25 bilh\u00f5es at\u00e9 o fim do ano para aumentar benef\u00edcios sociais, conceder ajuda financeira a caminhoneiros e taxistas, ampliar a compra de alimentos [&hellip;]<\/p>\n","protected":false},"author":246,"featured_media":201570,"comment_status":"closed","ping_status":"closed","sticky":false,"template":"","format":"standard","meta":{"footnotes":""},"categories":[436,254,439],"tags":[],"class_list":["post-201569","post","type-post","status-publish","format-standard","has-post-thumbnail","hentry","category-destaque-da-semana","category-politica","category-ultima-hora"],"_links":{"self":[{"href":"https:\/\/diarioregionaldigital.com.br\/index.php?rest_route=\/wp\/v2\/posts\/201569","targetHints":{"allow":["GET"]}}],"collection":[{"href":"https:\/\/diarioregionaldigital.com.br\/index.php?rest_route=\/wp\/v2\/posts"}],"about":[{"href":"https:\/\/diarioregionaldigital.com.br\/index.php?rest_route=\/wp\/v2\/types\/post"}],"author":[{"embeddable":true,"href":"https:\/\/diarioregionaldigital.com.br\/index.php?rest_route=\/wp\/v2\/users\/246"}],"replies":[{"embeddable":true,"href":"https:\/\/diarioregionaldigital.com.br\/index.php?rest_route=%2Fwp%2Fv2%2Fcomments&post=201569"}],"version-history":[{"count":1,"href":"https:\/\/diarioregionaldigital.com.br\/index.php?rest_route=\/wp\/v2\/posts\/201569\/revisions"}],"predecessor-version":[{"id":201571,"href":"https:\/\/diarioregionaldigital.com.br\/index.php?rest_route=\/wp\/v2\/posts\/201569\/revisions\/201571"}],"wp:featuredmedia":[{"embeddable":true,"href":"https:\/\/diarioregionaldigital.com.br\/index.php?rest_route=\/wp\/v2\/media\/201570"}],"wp:attachment":[{"href":"https:\/\/diarioregionaldigital.com.br\/index.php?rest_route=%2Fwp%2Fv2%2Fmedia&parent=201569"}],"wp:term":[{"taxonomy":"category","embeddable":true,"href":"https:\/\/diarioregionaldigital.com.br\/index.php?rest_route=%2Fwp%2Fv2%2Fcategories&post=201569"},{"taxonomy":"post_tag","embeddable":true,"href":"https:\/\/diarioregionaldigital.com.br\/index.php?rest_route=%2Fwp%2Fv2%2Ftags&post=201569"}],"curies":[{"name":"wp","href":"https:\/\/api.w.org\/{rel}","templated":true}]}}