{"id":201566,"date":"2022-07-13T19:37:48","date_gmt":"2022-07-13T22:37:48","guid":{"rendered":"https:\/\/diarioregionaldigital.com.br\/?p=201566"},"modified":"2022-07-13T19:37:48","modified_gmt":"2022-07-13T22:37:48","slug":"camara-aprova-em-1o-turno-texto-base-da-pec-do-piso-salarial-da-enfermagem","status":"publish","type":"post","link":"https:\/\/diarioregionaldigital.com.br\/?p=201566","title":{"rendered":"C\u00e2mara aprova em 1\u00ba turno texto-base da PEC do piso salarial da enfermagem"},"content":{"rendered":"<p>A C\u00e2mara dos Deputados aprovou nesta ter\u00e7a-feira (12), em 1\u00ba turno, a PEC do Piso da Enfermagem (<a href=\"https:\/\/www.camara.leg.br\/noticias\/895300-comissao-especial-aprova-pec-do-piso-da-enfermagem\/\">PEC 11\/22<\/a>). Foram <a href=\"https:\/\/www.camara.leg.br\/presenca-comissoes\/votacao-portal?reuniao=66166&amp;itemVotacao=11024\">425 votos a 7<\/a>. O Plen\u00e1rio precisa analisar ainda um <span id=\"4027\" class=\"termoGlossario\" title=\"\" contenteditable=\"false\" data-toggle=\"tooltip\" data-placement=\"top\" data-original-title=\"Pedido feito por deputado ou l\u00edder de partido para votar, de forma separada, emenda ou parte do texto. A vota\u00e7\u00e3o ocorre ap\u00f3s a aprova\u00e7\u00e3o do texto principal.\">destaque<\/span> do Novo apresentado \u00e0 proposta. A vota\u00e7\u00e3o poder\u00e1 ser retomada nesta quarta-feira (13).<\/p>\n<p>De autoria do Senado, a PEC do Piso da Enfermagem determina que uma lei federal instituir\u00e1 pisos salariais profissionais nacionais para o enfermeiro, o t\u00e9cnico de enfermagem, o auxiliar de enfermagem e a parteira, a serem observados por pessoas jur\u00eddicas de direito p\u00fablico e de direito privado.<\/p>\n<p>A relatora da PEC, deputada <a href=\"https:\/\/www.camara.leg.br\/deputados\/164360\">Carmen Zanotto (Cidadania-SC)<\/a>, afirmou que a aprova\u00e7\u00e3o da proposta vai\u00a0impedir questionamentos judiciais do piso, previsto no <a href=\"https:\/\/www.camara.leg.br\/noticias\/871744-DEPUTADOS-APROVAM-PROJETO-QUE-CRIA-PISO-SALARIAL-DA-ENFERMAGEM\">Projeto de Lei 2564\/20<\/a>. \u201cPara evitarmos qualquer risco de judicializa\u00e7\u00e3o, qualquer risco de veto, por n\u00e3o estar na Constitui\u00e7\u00e3o Federal que trabalhamos pela PEC 11 para dar mais seguran\u00e7a jur\u00eddica ao piso nacional dos profissionais da enfermagem\u201d, disse.<\/p>\n<p>Zanotto afirmou que a enfermagem precisa de reconhecimento e sal\u00e1rio digno, destacando o papel das enfermeiras na pris\u00e3o do anestesista Giovanni Bezerra, detido em flagrante ap\u00f3s estuprar uma paciente durante um parto ces\u00e1rea. \u201cA enfermeira armou uma grava\u00e7\u00e3o. De outra forma, n\u00e3o seria poss\u00edvel provar o dano daquele profissional\u201d, ressaltou.<\/p>\n<p>A deputada afirmou ainda que o aumento salarial da categoria poder\u00e1 ser custeado por medidas como desonera\u00e7\u00e3o da folha, legaliza\u00e7\u00e3o dos jogos, <span id=\"4116\" class=\"termoGlossario\" title=\"\" contenteditable=\"false\" data-toggle=\"tooltip\" data-placement=\"top\" data-original-title=\"Compensa\u00e7\u00e3o financeira paga pelas empresas de explora\u00e7\u00e3o e produ\u00e7\u00e3o de petr\u00f3leo e g\u00e1s natural aos estados, munic\u00edpios e \u00e0 Uni\u00e3o como contrapresta\u00e7\u00e3o pela utiliza\u00e7\u00e3o econ\u00f4mica dos recursos minerais em seus respectivos territ\u00f3rios.\">royalties<\/span> do petr\u00f3leo, lucro das estatais e saldo n\u00e3o utilizado dos recursos previstos na PEC do Estado de Emerg\u00eancia (<a href=\"https:\/\/www.camara.leg.br\/noticias\/895330-comissao-especial-aprova-pec-do-estado-de-emergencia\/\">PEC 15\/22<\/a>), que tamb\u00e9m dever\u00e1 ser votada nesta quarta-feira.<\/p>\n<p>\u201cEu pe\u00e7o ao governo que nos ajude, para que a gente possa garantir a assist\u00eancia nos nossos hospitais filantr\u00f3picos, para que a gente possa manter este quadro de profissionais\u201d, declarou.<\/p>\n<p>Apenas o partido Novo orientou o voto contr\u00e1rio ao piso salarial dos enfermeiros. O l\u00edder do partido, deputado <a href=\"https:\/\/www.camara.leg.br\/deputados\/204519\">Tiago Mitraud (Novo-MG)<\/a>, disse que a proposta vai gerar uma onda de demiss\u00f5es com os aumentos salariais. \u201cEsta proposta trar\u00e1 efeitos nefastos para os profissionais de enfermagem, que foram enganados\u201d, declarou.<\/p>\n<p>O deputado <a href=\"https:\/\/www.camara.leg.br\/deputados\/204516\">Alexis Fonteyne (Novo-SP)<\/a> afirmou que a defini\u00e7\u00e3o salarial n\u00e3o \u00e9 tema constitucional. \u201cEste tema tem de ser tratado do lado de fora da Constitui\u00e7\u00e3o, como todas as outras profiss\u00f5es, para a gente ter equil\u00edbrio, para a economia se mexer, porque sen\u00e3o corremos o risco de abra\u00e7ar o populismo e ter mais e mais categorias pressionando.\u201d<\/p>\n<p>Todos os demais partidos declararam voto favor\u00e1vel. Para o deputado <a href=\"https:\/\/www.camara.leg.br\/deputados\/178873\">Helder Salom\u00e3o (PT-ES)<\/a>, a proposta faz justi\u00e7a aos profissionais de sa\u00fade. \u201cNa pandemia, as pessoas viram mais concretamente o papel que esses profissionais exercem cotidianamente, mas em per\u00edodos de normalidade, os profissionais da sa\u00fade, os profissionais da enfermagem, outros profissionais s\u00e3o fundamentais para o fortalecimento do Sistema \u00danico de Sa\u00fade\u201d, ressaltou.<\/p>\n<p>Para o l\u00edder do MDB, deputado <a href=\"https:\/\/www.camara.leg.br\/deputados\/204436\">Isnaldo Bulh\u00f5es Jr. (AL)<\/a>, os profissionais de enfermagem s\u00e3o uma das categorias mais importantes do Brasil. \u201cO MDB faz um reconhecimento hist\u00f3rico da enfermagem no Pa\u00eds\u201d, disse.<\/p>\n<p>A deputada <a href=\"https:\/\/www.camara.leg.br\/deputados\/74057\">Alice Portugal (PCdoB-BA)<\/a> afirmou que o Congresso cumpriu todas as etapas e negociou o piso salarial.<\/p>\n<p>Fonte: Ag\u00eancia C\u00e2mara de Not\u00edcias<\/p>\n","protected":false},"excerpt":{"rendered":"<p>A C\u00e2mara dos Deputados aprovou nesta ter\u00e7a-feira (12), em 1\u00ba turno, a PEC do Piso da Enfermagem (PEC 11\/22). Foram 425 votos a 7. O Plen\u00e1rio precisa analisar ainda um destaque do Novo apresentado \u00e0 proposta. A vota\u00e7\u00e3o poder\u00e1 ser retomada nesta quarta-feira (13). De autoria do Senado, a PEC do Piso da Enfermagem determina [&hellip;]<\/p>\n","protected":false},"author":246,"featured_media":201567,"comment_status":"closed","ping_status":"closed","sticky":false,"template":"","format":"standard","meta":{"footnotes":""},"categories":[436,254,439],"tags":[],"class_list":["post-201566","post","type-post","status-publish","format-standard","has-post-thumbnail","hentry","category-destaque-da-semana","category-politica","category-ultima-hora"],"_links":{"self":[{"href":"https:\/\/diarioregionaldigital.com.br\/index.php?rest_route=\/wp\/v2\/posts\/201566","targetHints":{"allow":["GET"]}}],"collection":[{"href":"https:\/\/diarioregionaldigital.com.br\/index.php?rest_route=\/wp\/v2\/posts"}],"about":[{"href":"https:\/\/diarioregionaldigital.com.br\/index.php?rest_route=\/wp\/v2\/types\/post"}],"author":[{"embeddable":true,"href":"https:\/\/diarioregionaldigital.com.br\/index.php?rest_route=\/wp\/v2\/users\/246"}],"replies":[{"embeddable":true,"href":"https:\/\/diarioregionaldigital.com.br\/index.php?rest_route=%2Fwp%2Fv2%2Fcomments&post=201566"}],"version-history":[{"count":1,"href":"https:\/\/diarioregionaldigital.com.br\/index.php?rest_route=\/wp\/v2\/posts\/201566\/revisions"}],"predecessor-version":[{"id":201568,"href":"https:\/\/diarioregionaldigital.com.br\/index.php?rest_route=\/wp\/v2\/posts\/201566\/revisions\/201568"}],"wp:featuredmedia":[{"embeddable":true,"href":"https:\/\/diarioregionaldigital.com.br\/index.php?rest_route=\/wp\/v2\/media\/201567"}],"wp:attachment":[{"href":"https:\/\/diarioregionaldigital.com.br\/index.php?rest_route=%2Fwp%2Fv2%2Fmedia&parent=201566"}],"wp:term":[{"taxonomy":"category","embeddable":true,"href":"https:\/\/diarioregionaldigital.com.br\/index.php?rest_route=%2Fwp%2Fv2%2Fcategories&post=201566"},{"taxonomy":"post_tag","embeddable":true,"href":"https:\/\/diarioregionaldigital.com.br\/index.php?rest_route=%2Fwp%2Fv2%2Ftags&post=201566"}],"curies":[{"name":"wp","href":"https:\/\/api.w.org\/{rel}","templated":true}]}}