{"id":201476,"date":"2022-07-11T20:50:36","date_gmt":"2022-07-11T23:50:36","guid":{"rendered":"https:\/\/diarioregionaldigital.com.br\/?p=201476"},"modified":"2022-07-11T20:50:36","modified_gmt":"2022-07-11T23:50:36","slug":"programa-boniteza-realiza-141-intervencoes-nesta-segunda-11","status":"publish","type":"post","link":"https:\/\/diarioregionaldigital.com.br\/?p=201476","title":{"rendered":"Programa Boniteza realiza 141 interven\u00e7\u00f5es nesta segunda, 11"},"content":{"rendered":"<p>Segundo informa\u00e7\u00f5es do site da Prefeitura de Juiz de Fora (PJF), o\u00a0Programa Boniteza da Prefeitura de Juiz de Fora (PJF) opera em 143 interven\u00e7\u00f5es nesta segunda-feira, 11.<br \/>\n<strong>Obras<\/strong><br \/>\nOs Departamentos de Opera\u00e7\u00e3o e Manuten\u00e7\u00e3o em Obras (Domo) e de Estradas Vicinais da Secretaria de Obras t\u00eam previstas 21 a\u00e7\u00f5es.<br \/>\n<strong>Interven\u00e7\u00f5es em continuidade:<\/strong><br \/>\n&#8211; Coloca\u00e7\u00e3o de grades de concreto &#8211; Avenida Get\u00falio Vargas &#8211; Centro<\/p>\n<p>&#8211; Corre\u00e7\u00e3o de eros\u00e3o pluvial &#8211; Rua Geraldo Scaldini Machado &#8211; Jardim Natal<\/p>\n<p>&#8211; Execu\u00e7\u00e3o de dreno &#8211; Travessa Francisco Cantarino &#8211; Teixeiras<\/p>\n<p>&#8211; Patrolamento &#8211; Estrada do goiabal a pernambuco<\/p>\n<p>&#8211; Ro\u00e7ada &#8211; Estrada de torre\u00f5es<\/p>\n<p>&#8211; Patrolamento &#8211; Comunidade de sarandira &#8211; Sarandira<\/p>\n<p>&#8211; Corre\u00e7\u00e3o de cal\u00e7amento em pedra portuguesa &#8211; Pra\u00e7a do Riachuelo &#8211; Centro<\/p>\n<p>&#8211; Patrolamento &#8211; Rua Maria Belo da Silva &#8211; Grama<br \/>\n<strong>Novas interven\u00e7\u00f5es:<\/strong><br \/>\n&#8211; Recomposi\u00e7\u00e3o de talude &#8211; Estrada dos papas a boa vista<\/p>\n<p>&#8211; Confec\u00e7\u00e3o de tampas de concreto &#8211; Secretaria de obras\/ rua Os\u00f3rio de Almeida &#8211; Po\u00e7o Rico<\/p>\n<p>&#8211; Confec\u00e7\u00e3o de tampas para boca de lobo &#8211; Secretaria de obras\/ rua Os\u00f3rio de Almeida &#8211; Po\u00e7o Rico<\/p>\n<p>&#8211; Constru\u00e7\u00e3o de bueiro duplo de metro &#8211; Estrada das Palmeiras<\/p>\n<p>&#8211; Patrolamento &#8211; Estrada de sa- Patrolamento &#8211; Estrada derandira &#8211; Sarandira<\/p>\n<p>&#8211; Patrolamento &#8211; Estrada de Palmital<\/p>\n<p>&#8211; Retirada de entulho &#8211; Estrada de Palmital<\/p>\n<p>&#8211; Patrolamento &#8211; Morro do carrapato &#8211; estrada boa vista<\/p>\n<p>&#8211; Lan\u00e7amento de material e limpeza de valas &#8211; Estrada da Vargem Grande<\/p>\n<p>&#8211; Coloca\u00e7\u00e3o de manilhas para constru\u00e7\u00e3o de bueiros &#8211; Estrada do taquaral<\/p>\n<p>&#8211; Coloca\u00e7\u00e3o de meio fio &#8211; Rua Carneiro da Silva<br \/>\n<strong>Ilumina\u00e7\u00e3o P\u00fablica<\/strong><br \/>\nO departamento de Ilumina\u00e7\u00e3o P\u00fablica da PJF d\u00e1 continuidade \u00e0s a\u00e7\u00f5es com a previs\u00e3o de trocas de 122 l\u00e2mpadas em todas as regi\u00f5es.<br \/>\n<strong>Teixeiras<\/strong><\/p>\n<p>Avenida Maria De Almeida Silva<\/p>\n<p>Rua Dalila De Lery Santos<\/p>\n<p>Rua Samuel Costa<\/p>\n<p>Rua Professora Elmaia Vaz<\/p>\n<p>Rua General M\u00e1rio Xavier<br \/>\n<strong>Santa Luzia<\/strong><\/p>\n<p>Avenida Ibitiguaia<\/p>\n<p>Rua Porto Das Flores<br \/>\n<strong>Jardim De Ala<\/strong><\/p>\n<p>Rua Jer\u00f4nimo Rocha<\/p>\n<p>Rua Elmaia Cunha<\/p>\n<p>Rua Conego Jose Maria Assuncao<br \/>\n<strong>Previdenci\u00e1rios<\/strong><\/p>\n<p>Cond. Fazendinhas Do Ipiranga Estrada 1<\/p>\n<p>Rua E<br \/>\n<strong>S\u00e3o Geraldo<\/strong><\/p>\n<p>Rua D<br \/>\n<strong>Ipiranga<\/strong><\/p>\n<p>Rua Jos\u00e9 Afonso Pinheiro<br \/>\n<strong>Sagrado Cora\u00e7\u00e3o De Jesus<\/strong><\/p>\n<p>Rua R\u00f4mulo Wadih Gemus<br \/>\n<strong>Jardim Ga\u00facho<\/strong><\/p>\n<p>Rua Jos\u00e9 Tavares<br \/>\n<strong>Vale Verde<\/strong><\/p>\n<p>Rua Andr\u00e9 Dos Santos Rocha<\/p>\n<p>Rua Maria Aparecida Martins<br \/>\n<strong>Poco Rico<\/strong><\/p>\n<p>Rua Esp\u00edrito Santo<br \/>\n<strong>Aeroporto<\/strong><\/p>\n<p>Rua Francisco Baptista De Oliveira<\/p>\n<p>Rua Jos\u00e9 Loures Valle<\/p>\n<p>Rua Arllete Bastos De Magalhaes<br \/>\n<strong>Itatiaia<\/strong><\/p>\n<p>Rua Orestes Pereira<\/p>\n<p>Rua Doutor Pedro Peters<\/p>\n<p>Avenida Presidente Costa E Silva<br \/>\n<strong>Cerro Azul<\/strong><\/p>\n<p>Estrada Engenheiro Gentil Forn<br \/>\n<strong>S\u00e3o Pedro<\/strong><\/p>\n<p>Avenida Presidente Costa E Silva<br \/>\n<strong>Benfica<\/strong><\/p>\n<p>Rua Maria Eug\u00eania<br \/>\n<strong>J\u00f3quei Clube II<\/strong><\/p>\n<p>Avenida Garcia Rodrigues Paes (Acesso Norte)<br \/>\n<strong>Industrial<\/strong><\/p>\n<p>Avenida Garcia Rodrigues Paes (Acesso Norte)<\/p>\n<p>Avenida Presidente Juscelino Kubitschek<br \/>\n<strong>Nova Era<\/strong><\/p>\n<p>Avenida Garcia Rodrigues Paes (Acesso Norte)<br \/>\n<strong>Benfica<\/strong><\/p>\n<p>Avenida Garcia Rodrigues Paes (Acesso Norte)<\/p>\n<p>Av. Juscelino Kubitschek<br \/>\n<strong>Distrito Industrial<\/strong><\/p>\n<p>Avenida Garcia Rodrigues Paes<br \/>\n<strong>Santa Terezinha<\/strong><\/p>\n<p>Avenida Rui Barbosa<\/p>\n<p>Rua Alencar Trist\u00e3o<\/p>\n<p>Rua Cust\u00f3dio Trist\u00e3o<br \/>\n<strong>Recanto Dos Lagos<\/strong><\/p>\n<p>Rua Detetive Afonso Celso<br \/>\n<strong>Grama<\/strong><\/p>\n<p>Rua Angelina Tedesco Freguglia<\/p>\n<p>Rua Marinho Norberto De Souza<br \/>\n<strong>Eldorado<\/strong><\/p>\n<p>Rua Luiz Rocha<br \/>\n<strong>Parque Independ\u00eancia<\/strong><\/p>\n<p>Rua Vagner Giancoli<\/p>\n<p>Rua Gabriel Gon\u00e7alves Da Silva<\/p>\n<p>Rua Manoel Jos\u00e9 De Paula<\/p>\n<p>Rua Deputado Arlindo Zanini<br \/>\n<strong>Granjas Bet\u00e2nia<\/strong><\/p>\n<p>Rua Joaquim Borges Pereira<br \/>\n<strong>Vivendas Da Serra<\/strong><\/p>\n<p>Rua Paulo Affonso Trist\u00e3o<br \/>\n<strong>Centen\u00e1rio<\/strong><\/p>\n<p>Rua Doutor L\u00edvio De Oliveira Motta<br \/>\n<strong>Marumbi<\/strong><\/p>\n<p>Rua Aleixo Martins Neto<br \/>\n<strong>Linhares<\/strong><\/p>\n<p>Rua Ad\u00e9lia Ferreira Rocha<\/p>\n<p>Rua Jos\u00e9 Sobreira<\/p>\n<p>Rua Professor Raimundo Tavares<\/p>\n<p>Rua \u00c2ngelo Bigi<br \/>\n<strong>Santa Paula<\/strong><\/p>\n<p>Rua Antonieta Maximiano Sampaio<br \/>\n<strong>Santa Rita<\/strong><\/p>\n<p>Rua Doutor Geraldo Paletta<br \/>\n<strong>Nossa Senhora Aparecida<\/strong><\/p>\n<p>Rua Sebasti\u00e3o Jos\u00e9 Da Silva<br \/>\n<strong>Santa Cec\u00edlia<\/strong><\/p>\n<p>Rua Geraldo Miguel Miana<br \/>\n<strong>S\u00e3o Mateus<\/strong><\/p>\n<p>Rua Ataliba De Barros<br \/>\n<strong>Santa Catarina<\/strong><\/p>\n<p>Rua Dr C\u00edcero Trist\u00e3o<\/p>\n<p>Rua Padre Frederico<br \/>\n<strong>Passos<\/strong><\/p>\n<p>Rua Doutor Laureano<br \/>\n<strong>Centro<\/strong><\/p>\n<p>Rua Santo Ant\u00f4nio<\/p>\n<p>Avenida Bar\u00e3o Do Rio Branco<br \/>\n<strong>Granbery<\/strong><\/p>\n<p>Rua Dr Ant\u00f4nio Carlos<br \/>\n<strong>Gabinete de A\u00e7\u00e3o e Di\u00e1logo Comunit\u00e1rio<\/strong><\/p>\n<p>As a\u00e7\u00f5es da Secretaria de Obras s\u00e3o realizadas atrav\u00e9s do Gabinete de A\u00e7\u00e3o e Di\u00e1logo Comunit\u00e1rio, que recebe demandas de melhorias urbanas pelo n\u00famero (32) 3690-7241, por liga\u00e7\u00e3o ou WhatsApp.<\/p>\n<p>No\u00a0<a href=\"https:\/\/www.pjf.mg.gov.br\/gabinetecomunitario\/\">site do gabinete<\/a>, est\u00e3o dispon\u00edveis informa\u00e7\u00f5es atualizadas\u00a0 diariamente sobre os servi\u00e7os realizados pelas secretarias de Obras (SO); de Sustentabilidade em Meio Ambiente e Atividades Urbanas (Sesmaur); de Mobilidade Urbana (SMU); e pela\u00a0 Empresa Municipal de Pavimenta\u00e7\u00e3o e Urbaniza\u00e7\u00e3o (Empav); Departamento Municipal de Limpeza Urbana (Demlurb); e Companhia de Saneamento Municipal (Cesama).<br \/>\n&nbsp;<\/p>\n","protected":false},"excerpt":{"rendered":"<p>Segundo informa\u00e7\u00f5es do site da Prefeitura de Juiz de Fora (PJF), o\u00a0Programa Boniteza da Prefeitura de Juiz de Fora (PJF) opera em 143 interven\u00e7\u00f5es nesta segunda-feira, 11. Obras Os Departamentos de Opera\u00e7\u00e3o e Manuten\u00e7\u00e3o em Obras (Domo) e de Estradas Vicinais da Secretaria de Obras t\u00eam previstas 21 a\u00e7\u00f5es. Interven\u00e7\u00f5es em continuidade: &#8211; Coloca\u00e7\u00e3o de [&hellip;]<\/p>\n","protected":false},"author":246,"featured_media":201477,"comment_status":"closed","ping_status":"closed","sticky":false,"template":"","format":"standard","meta":{"footnotes":""},"categories":[253,436,439],"tags":[],"class_list":["post-201476","post","type-post","status-publish","format-standard","has-post-thumbnail","hentry","category-cidade","category-destaque-da-semana","category-ultima-hora"],"_links":{"self":[{"href":"https:\/\/diarioregionaldigital.com.br\/index.php?rest_route=\/wp\/v2\/posts\/201476","targetHints":{"allow":["GET"]}}],"collection":[{"href":"https:\/\/diarioregionaldigital.com.br\/index.php?rest_route=\/wp\/v2\/posts"}],"about":[{"href":"https:\/\/diarioregionaldigital.com.br\/index.php?rest_route=\/wp\/v2\/types\/post"}],"author":[{"embeddable":true,"href":"https:\/\/diarioregionaldigital.com.br\/index.php?rest_route=\/wp\/v2\/users\/246"}],"replies":[{"embeddable":true,"href":"https:\/\/diarioregionaldigital.com.br\/index.php?rest_route=%2Fwp%2Fv2%2Fcomments&post=201476"}],"version-history":[{"count":1,"href":"https:\/\/diarioregionaldigital.com.br\/index.php?rest_route=\/wp\/v2\/posts\/201476\/revisions"}],"predecessor-version":[{"id":201478,"href":"https:\/\/diarioregionaldigital.com.br\/index.php?rest_route=\/wp\/v2\/posts\/201476\/revisions\/201478"}],"wp:featuredmedia":[{"embeddable":true,"href":"https:\/\/diarioregionaldigital.com.br\/index.php?rest_route=\/wp\/v2\/media\/201477"}],"wp:attachment":[{"href":"https:\/\/diarioregionaldigital.com.br\/index.php?rest_route=%2Fwp%2Fv2%2Fmedia&parent=201476"}],"wp:term":[{"taxonomy":"category","embeddable":true,"href":"https:\/\/diarioregionaldigital.com.br\/index.php?rest_route=%2Fwp%2Fv2%2Fcategories&post=201476"},{"taxonomy":"post_tag","embeddable":true,"href":"https:\/\/diarioregionaldigital.com.br\/index.php?rest_route=%2Fwp%2Fv2%2Ftags&post=201476"}],"curies":[{"name":"wp","href":"https:\/\/api.w.org\/{rel}","templated":true}]}}