{"id":201473,"date":"2022-07-11T20:48:09","date_gmt":"2022-07-11T23:48:09","guid":{"rendered":"https:\/\/diarioregionaldigital.com.br\/?p=201473"},"modified":"2022-07-11T20:48:09","modified_gmt":"2022-07-11T23:48:09","slug":"cesama-intensifica-trabalhos-de-conscientizacao-sobre-obras-de-despoluicao-do-paraibuna","status":"publish","type":"post","link":"https:\/\/diarioregionaldigital.com.br\/?p=201473","title":{"rendered":"Cesama intensifica trabalhos de conscientiza\u00e7\u00e3o sobre obras de despolui\u00e7\u00e3o do Paraibuna"},"content":{"rendered":"<p>Segundo informa\u00e7\u00f5es do site da Prefeitura de Juiz de Fora (PJF), durante os meses de maio e junho, a equipe que realiza o trabalho t\u00e9cnico-social sobre as obras de despolui\u00e7\u00e3o do Rio Paraibuna contabilizou mais de 800 pessoas atendidas pelo projeto, que tem como objetivo informar a popula\u00e7\u00e3o sobre as obras realizadas pela Prefeitura de Juiz de Fora (PJF), al\u00e9m de propagar boas pr\u00e1ticas para a manuten\u00e7\u00e3o dos cursos d&#8217;\u00e1gua da cidade. Os trabalhos de conscientiza\u00e7\u00e3o tiveram como foco principal a popula\u00e7\u00e3o das \u00e1reas onde, atualmente, acontecem interven\u00e7\u00f5es, como os bairros cortados pelo C\u00f3rrego Tapera, que est\u00e1 recebendo coletores de esgoto em toda sua extens\u00e3o.<br \/>\nA assistente social da Cesama, Patr\u00edcia Groppo, detalha os trabalhos realizados. &#8220;Em maio, a educa\u00e7\u00e3o ambiental foi aplicada nos bairros Nossa Senhora das Gra\u00e7as e Eldorado, onde distribu\u00edmos uma circular informativa falando sobre a retomada das obras naquela comunidade. Desta forma, os moradores tomaram conhecimento sobre o que est\u00e1 sendo feito. O projeto incluiu, tamb\u00e9m, as Escolas Municipais Theodoro Frederico Mussel e Vereador Marcos Freesz, tendo como p\u00fablico-alvo alunos do Primeiro Ano Fundamental at\u00e9 o Terceiro Ano do Ensino M\u00e9dio. Nas escolas, a Companhia de Saneamento Municipal (Cesama) fez um trabalho de conscientiza\u00e7\u00e3o sobre a import\u00e2ncia do saneamento b\u00e1sico para o desenvolvimento urbano, al\u00e9m de evidenciar o papel da companhia e da popula\u00e7\u00e3o para a preserva\u00e7\u00e3o dos recursos h\u00eddricos do munic\u00edpio, atingindo cerca de 240 estudantes&#8221;.<br \/>\nEm junho, a empresa montou um estande no Parque da Lajinha para comemorar o Dia Mundial do Meio Ambiente, celebrado no dia 5. Houve distribui\u00e7\u00e3o de revistas educativas da Turma da M\u00f4nica, voltada para o p\u00fablico infantil e, ainda, demonstra\u00e7\u00f5es, por meio de microsc\u00f3pio, sobre a vida presente em uma gota d&#8217;\u00e1gua. Mais de 150 pessoas passaram pelo local. O mesmo estande foi montado no final do m\u00eas na Escola Estadual Patrus de Sousa, no Santa Terezinha, contando com a participa\u00e7\u00e3o de 400 alunos dos Ensinos Fundamental e M\u00e9dio. A vice-diretora e professora de Biologia da institui\u00e7\u00e3o, B\u00e1rbara Bruna Abreu Castro, elogiou a iniciativa. &#8220;Os alunos adoraram a experi\u00eancia, especialmente o uso dos microsc\u00f3pios, que foi fant\u00e1stico, uma novidade para eles. O trabalho foi muito proveitoso&#8221;.<br \/>\nO pr\u00f3ximo foco dos trabalhos de conscientiza\u00e7\u00e3o ser\u00e1 a regi\u00e3o Sul de Juiz de Fora, em virtude do in\u00edcio das obras de implanta\u00e7\u00e3o do coletor de esgoto do C\u00f3rrego Santa Luzia. A partir desta segunda-feira, 11, a equipe do trabalho t\u00e9cnico-social ir\u00e1 distribuir panfletos informativos e fazer contato com os moradores da regi\u00e3o, esclarecendo sobre as obras que fazem parte do sistema de tratamento de esgoto da Regi\u00e3o Sul e apontando seus benef\u00edcios.<\/p>\n","protected":false},"excerpt":{"rendered":"<p>Segundo informa\u00e7\u00f5es do site da Prefeitura de Juiz de Fora (PJF), durante os meses de maio e junho, a equipe que realiza o trabalho t\u00e9cnico-social sobre as obras de despolui\u00e7\u00e3o do Rio Paraibuna contabilizou mais de 800 pessoas atendidas pelo projeto, que tem como objetivo informar a popula\u00e7\u00e3o sobre as obras realizadas pela Prefeitura de [&hellip;]<\/p>\n","protected":false},"author":246,"featured_media":201474,"comment_status":"closed","ping_status":"closed","sticky":false,"template":"","format":"standard","meta":{"footnotes":""},"categories":[253,436,439],"tags":[],"class_list":["post-201473","post","type-post","status-publish","format-standard","has-post-thumbnail","hentry","category-cidade","category-destaque-da-semana","category-ultima-hora"],"_links":{"self":[{"href":"https:\/\/diarioregionaldigital.com.br\/index.php?rest_route=\/wp\/v2\/posts\/201473","targetHints":{"allow":["GET"]}}],"collection":[{"href":"https:\/\/diarioregionaldigital.com.br\/index.php?rest_route=\/wp\/v2\/posts"}],"about":[{"href":"https:\/\/diarioregionaldigital.com.br\/index.php?rest_route=\/wp\/v2\/types\/post"}],"author":[{"embeddable":true,"href":"https:\/\/diarioregionaldigital.com.br\/index.php?rest_route=\/wp\/v2\/users\/246"}],"replies":[{"embeddable":true,"href":"https:\/\/diarioregionaldigital.com.br\/index.php?rest_route=%2Fwp%2Fv2%2Fcomments&post=201473"}],"version-history":[{"count":1,"href":"https:\/\/diarioregionaldigital.com.br\/index.php?rest_route=\/wp\/v2\/posts\/201473\/revisions"}],"predecessor-version":[{"id":201475,"href":"https:\/\/diarioregionaldigital.com.br\/index.php?rest_route=\/wp\/v2\/posts\/201473\/revisions\/201475"}],"wp:featuredmedia":[{"embeddable":true,"href":"https:\/\/diarioregionaldigital.com.br\/index.php?rest_route=\/wp\/v2\/media\/201474"}],"wp:attachment":[{"href":"https:\/\/diarioregionaldigital.com.br\/index.php?rest_route=%2Fwp%2Fv2%2Fmedia&parent=201473"}],"wp:term":[{"taxonomy":"category","embeddable":true,"href":"https:\/\/diarioregionaldigital.com.br\/index.php?rest_route=%2Fwp%2Fv2%2Fcategories&post=201473"},{"taxonomy":"post_tag","embeddable":true,"href":"https:\/\/diarioregionaldigital.com.br\/index.php?rest_route=%2Fwp%2Fv2%2Ftags&post=201473"}],"curies":[{"name":"wp","href":"https:\/\/api.w.org\/{rel}","templated":true}]}}