{"id":201458,"date":"2022-07-11T20:20:44","date_gmt":"2022-07-11T23:20:44","guid":{"rendered":"https:\/\/diarioregionaldigital.com.br\/?p=201458"},"modified":"2022-07-11T20:20:44","modified_gmt":"2022-07-11T23:20:44","slug":"ippon-relampago-da-bronze-a-mayra-aguiar-no-grand-slam-de-budapeste","status":"publish","type":"post","link":"https:\/\/diarioregionaldigital.com.br\/?p=201458","title":{"rendered":"Ippon rel\u00e2mpago d\u00e1 bronze a Mayra Aguiar no Grand Slam de Budapeste"},"content":{"rendered":"<p>A ga\u00facha Mayra Aguiar conquistou, neste\u00a0domingo\u00a0(10), a medalha de bronze no Grand Slam de Budapeste (Hungria). Bicampe\u00e3 mundial e\u00a0tr\u00eas vezes medalhista ol\u00edmpica (tamb\u00e9m de bronze), a brasileira assegurou um lugar no p\u00f3dio da categoria at\u00e9 78 quilos ao derrotar a brit\u00e2nica Emma Reid por\u00a0ippon\u00a0(golpe perfeito), projetando-a de costas no\u00a0solo em pouco mais de\u00a030 segundos de luta.<img decoding=\"async\" src=\"https:\/\/agenciabrasil.ebc.com.br\/ebc.png?id=1470205&amp;o=node\" \/><img decoding=\"async\" src=\"https:\/\/agenciabrasil.ebc.com.br\/ebc.gif?id=1470205&amp;o=node\" \/><\/p>\n<p>Mayra competiu tr\u00eas vezes em Budapeste. A ga\u00facha entrou direto nas quartas de final e estreou derrotando a venezuelana Karen Leon. Na semifinal, a brasileira foi superada pela italiana Alice Bellandi (que conquistou o ouro), por acumular tr\u00eas\u00a0shidos\u00a0(puni\u00e7\u00f5es).<\/p>\n<p>A campanha na Hungria render\u00e1 500 pontos a Mayra no ranking mundial. Oitava colocada da categoria, ela deve subir para sexto na pr\u00f3xima atualiza\u00e7\u00e3o da lista da Federa\u00e7\u00e3o Internacional de Jud\u00f4 (IJF, sigla em ingl\u00eas), ultrapassando as alem\u00e3s Alina Boehm e Luise Malzahn.<\/p>\n<p>Foi a terceira medalha do Brasil no Grand Slam h\u00fangaro, que marcou o in\u00edcio da contagem de pontos no ranking ol\u00edmpico, que definir\u00e1 a classifica\u00e7\u00e3o para os\u00a0Jogos de Paris (Fran\u00e7a), em 2024. Na\u00a0sexta-feira (8), a carioca Rafaela Silva, campe\u00e3 ol\u00edmpica na Rio 2016,\u00a0foi bronze\u00a0na categoria at\u00e9 57 quilos. No\u00a0s\u00e1bado\u00a0(9), o brasiliense Guilherme Schmdit conquistou o ouro na categoria at\u00e9 81 quilos.<\/p>\n<p>O pr\u00f3ximo compromisso do jud\u00f4 brasileiro ser\u00e1 o Grand Prix de Zagreb (Cro\u00e1cia), entre\u00a0sexta-feira (15) e\u00a0domingo\u00a0que vem (17). O Brasil competir\u00e1 com 25 judocas, entre eles, os tr\u00eas medalhistas\u00a0de Budapeste. O campe\u00e3o de cada categoria receber\u00e1 700 pontos no ranking mundial.<\/p>\n<p><span style=\"font-weight: 400;\">Fonte: Ag\u00eancia Brasil <\/span><\/p>\n","protected":false},"excerpt":{"rendered":"<p>A ga\u00facha Mayra Aguiar conquistou, neste\u00a0domingo\u00a0(10), a medalha de bronze no Grand Slam de Budapeste (Hungria). Bicampe\u00e3 mundial e\u00a0tr\u00eas vezes medalhista ol\u00edmpica (tamb\u00e9m de bronze), a brasileira assegurou um lugar no p\u00f3dio da categoria at\u00e9 78 quilos ao derrotar a brit\u00e2nica Emma Reid por\u00a0ippon\u00a0(golpe perfeito), projetando-a de costas no\u00a0solo em pouco mais de\u00a030 segundos de [&hellip;]<\/p>\n","protected":false},"author":246,"featured_media":201459,"comment_status":"closed","ping_status":"closed","sticky":false,"template":"","format":"standard","meta":{"footnotes":""},"categories":[436,257,439],"tags":[],"class_list":["post-201458","post","type-post","status-publish","format-standard","has-post-thumbnail","hentry","category-destaque-da-semana","category-esporte","category-ultima-hora"],"_links":{"self":[{"href":"https:\/\/diarioregionaldigital.com.br\/index.php?rest_route=\/wp\/v2\/posts\/201458","targetHints":{"allow":["GET"]}}],"collection":[{"href":"https:\/\/diarioregionaldigital.com.br\/index.php?rest_route=\/wp\/v2\/posts"}],"about":[{"href":"https:\/\/diarioregionaldigital.com.br\/index.php?rest_route=\/wp\/v2\/types\/post"}],"author":[{"embeddable":true,"href":"https:\/\/diarioregionaldigital.com.br\/index.php?rest_route=\/wp\/v2\/users\/246"}],"replies":[{"embeddable":true,"href":"https:\/\/diarioregionaldigital.com.br\/index.php?rest_route=%2Fwp%2Fv2%2Fcomments&post=201458"}],"version-history":[{"count":1,"href":"https:\/\/diarioregionaldigital.com.br\/index.php?rest_route=\/wp\/v2\/posts\/201458\/revisions"}],"predecessor-version":[{"id":201460,"href":"https:\/\/diarioregionaldigital.com.br\/index.php?rest_route=\/wp\/v2\/posts\/201458\/revisions\/201460"}],"wp:featuredmedia":[{"embeddable":true,"href":"https:\/\/diarioregionaldigital.com.br\/index.php?rest_route=\/wp\/v2\/media\/201459"}],"wp:attachment":[{"href":"https:\/\/diarioregionaldigital.com.br\/index.php?rest_route=%2Fwp%2Fv2%2Fmedia&parent=201458"}],"wp:term":[{"taxonomy":"category","embeddable":true,"href":"https:\/\/diarioregionaldigital.com.br\/index.php?rest_route=%2Fwp%2Fv2%2Fcategories&post=201458"},{"taxonomy":"post_tag","embeddable":true,"href":"https:\/\/diarioregionaldigital.com.br\/index.php?rest_route=%2Fwp%2Fv2%2Ftags&post=201458"}],"curies":[{"name":"wp","href":"https:\/\/api.w.org\/{rel}","templated":true}]}}