{"id":201455,"date":"2022-07-11T20:17:49","date_gmt":"2022-07-11T23:17:49","guid":{"rendered":"https:\/\/diarioregionaldigital.com.br\/?p=201455"},"modified":"2022-07-11T20:17:49","modified_gmt":"2022-07-11T23:17:49","slug":"pia-sundhage-espera-partida-dura-contra-o-uruguai-na-copa-america","status":"publish","type":"post","link":"https:\/\/diarioregionaldigital.com.br\/?p=201455","title":{"rendered":"Pia Sundhage espera partida dura contra o Uruguai na Copa Am\u00e9rica"},"content":{"rendered":"<p>A t\u00e9cnica da sele\u00e7\u00e3o feminina de futebol, a sueca Pia Sundhage, afirmou que espera um jogo duro contra o Uruguai na pr\u00f3xima ter\u00e7a-feira (12) pela Copa Am\u00e9rica, que \u00e9 disputada na Col\u00f4mbia.<img decoding=\"async\" src=\"https:\/\/agenciabrasil.ebc.com.br\/ebc.png?id=1470393&amp;o=node\" \/><img decoding=\"async\" src=\"https:\/\/agenciabrasil.ebc.com.br\/ebc.gif?id=1470393&amp;o=node\" \/><\/p>\n<p>\u201cO Uruguai \u00e9 um advers\u00e1rio bem diferente da Argentina [equipe contra a qual o\u00a0<a href=\"https:\/\/agenciabrasil.ebc.com.br\/esportes\/noticia\/2022-07\/apos-cortes-adriana-brilha-na-copa-america-na-colombia\">Brasil estreou com uma goleada de 4 a 0 no \u00faltimo s\u00e1bado<\/a>] e n\u00f3s precisamos estar preparadas para lidar com suas caracter\u00edsticas de ataque. Ser\u00e1 um jogo duro, com muitas batalhas pela bola, ent\u00e3o, o mais importante \u00e9 jogar de modo a sair da press\u00e3o. Movimentar a bola, estar atento ao \u00e2ngulo quando voc\u00ea tiver a posse. Ser\u00e1 dif\u00edcil e teremos de ser pacientes porque o jogo tem dois tempos de 45 minutos e, desde que a gente consiga se movimentar sem a bola, n\u00f3s criaremos chances e seremos s\u00f3lidas na defesa tamb\u00e9m\u201d, declarou a treinadora em entrevista coletiva concedida nesta segunda-feira (11).<\/p>\n<p>Ap\u00f3s a vit\u00f3ria folgada na estreia da competi\u00e7\u00e3o, a sele\u00e7\u00e3o brasileira lidera o Grupo A com tr\u00eas pontos. J\u00e1 as uruguaias aparecem na quarta posi\u00e7\u00e3o da chave, sem ponto algum, ap\u00f3s derrota de 1 a 0 para a Venezuela na primeira rodada.<\/p>\n<p>Brasil e Uruguai medem for\u00e7as a partir das 18h (hor\u00e1rio de Bras\u00edlia) da pr\u00f3xima ter\u00e7a no est\u00e1dio Centen\u00e1rio, na cidade de Armenia.<\/p>\n<p><span style=\"font-weight: 400;\"><br \/>\n<\/span><span style=\"font-weight: 400;\">Fonte: Ag\u00eancia Brasil <\/span><\/p>\n","protected":false},"excerpt":{"rendered":"<p>A t\u00e9cnica da sele\u00e7\u00e3o feminina de futebol, a sueca Pia Sundhage, afirmou que espera um jogo duro contra o Uruguai na pr\u00f3xima ter\u00e7a-feira (12) pela Copa Am\u00e9rica, que \u00e9 disputada na Col\u00f4mbia. \u201cO Uruguai \u00e9 um advers\u00e1rio bem diferente da Argentina [equipe contra a qual o\u00a0Brasil estreou com uma goleada de 4 a 0 no [&hellip;]<\/p>\n","protected":false},"author":246,"featured_media":201456,"comment_status":"closed","ping_status":"closed","sticky":false,"template":"","format":"standard","meta":{"footnotes":""},"categories":[440,257,439],"tags":[],"class_list":["post-201455","post","type-post","status-publish","format-standard","has-post-thumbnail","hentry","category-destaques-do-dia","category-esporte","category-ultima-hora"],"_links":{"self":[{"href":"https:\/\/diarioregionaldigital.com.br\/index.php?rest_route=\/wp\/v2\/posts\/201455","targetHints":{"allow":["GET"]}}],"collection":[{"href":"https:\/\/diarioregionaldigital.com.br\/index.php?rest_route=\/wp\/v2\/posts"}],"about":[{"href":"https:\/\/diarioregionaldigital.com.br\/index.php?rest_route=\/wp\/v2\/types\/post"}],"author":[{"embeddable":true,"href":"https:\/\/diarioregionaldigital.com.br\/index.php?rest_route=\/wp\/v2\/users\/246"}],"replies":[{"embeddable":true,"href":"https:\/\/diarioregionaldigital.com.br\/index.php?rest_route=%2Fwp%2Fv2%2Fcomments&post=201455"}],"version-history":[{"count":1,"href":"https:\/\/diarioregionaldigital.com.br\/index.php?rest_route=\/wp\/v2\/posts\/201455\/revisions"}],"predecessor-version":[{"id":201457,"href":"https:\/\/diarioregionaldigital.com.br\/index.php?rest_route=\/wp\/v2\/posts\/201455\/revisions\/201457"}],"wp:featuredmedia":[{"embeddable":true,"href":"https:\/\/diarioregionaldigital.com.br\/index.php?rest_route=\/wp\/v2\/media\/201456"}],"wp:attachment":[{"href":"https:\/\/diarioregionaldigital.com.br\/index.php?rest_route=%2Fwp%2Fv2%2Fmedia&parent=201455"}],"wp:term":[{"taxonomy":"category","embeddable":true,"href":"https:\/\/diarioregionaldigital.com.br\/index.php?rest_route=%2Fwp%2Fv2%2Fcategories&post=201455"},{"taxonomy":"post_tag","embeddable":true,"href":"https:\/\/diarioregionaldigital.com.br\/index.php?rest_route=%2Fwp%2Fv2%2Ftags&post=201455"}],"curies":[{"name":"wp","href":"https:\/\/api.w.org\/{rel}","templated":true}]}}