{"id":201452,"date":"2022-07-11T20:11:25","date_gmt":"2022-07-11T23:11:25","guid":{"rendered":"https:\/\/diarioregionaldigital.com.br\/?p=201452"},"modified":"2022-07-11T20:11:25","modified_gmt":"2022-07-11T23:11:25","slug":"cidades-se-preparam-para-receber-voto-em-transito-a-partir-do-dia-15","status":"publish","type":"post","link":"https:\/\/diarioregionaldigital.com.br\/?p=201452","title":{"rendered":"Cidades se preparam para receber voto em tr\u00e2nsito a partir do dia 15"},"content":{"rendered":"<p>A partir do dia 15 de julho, os munic\u00edpios com eleitorado superior a 100 mil pessoas devem habilitar os locais de vota\u00e7\u00e3o convencionais ou espec\u00edficos para recebimento do voto em tr\u00e2nsito, que \u00e9 permitido somente nessas localidades. A data est\u00e1 prevista no calend\u00e1rio eleitoral.\u00a0<img decoding=\"async\" src=\"https:\/\/agenciabrasil.ebc.com.br\/ebc.png?id=1469986&amp;o=node\" \/><img decoding=\"async\" src=\"https:\/\/agenciabrasil.ebc.com.br\/ebc.gif?id=1469986&amp;o=node\" \/><\/p>\n<p>A medida deve ser cumprida para permitir que o eleitor possa solicitar o voto em tr\u00e2nsito, cujo prazo come\u00e7a no dia 18 e vai at\u00e9 18 de agosto. Na ocasi\u00e3o, o cidad\u00e3o poder\u00e1 indicar o local onde pretende votar fora de seu domic\u00edlio eleitoral.<\/p>\n<p>O voto em tr\u00e2nsito \u00e9 permitido somente para os eleitores que est\u00e3o com o t\u00edtulo regularizado. Quem estiver fora de seu estado, poder\u00e1 votar somente para presidente da Rep\u00fablica. O eleitor que estiver fora de sua cidade, mas em um munic\u00edpio localizado no mesmo estado, poder\u00e1 votar para todos os cargos em disputa.<\/p>\n<p>Essa modalidade n\u00e3o vale para urnas eletr\u00f4nicas instaladas no exterior, por\u00e9m, o eleitor brasileiro que mora fora do pa\u00eds e estiver no Brasil poder\u00e1 solicitar o voto em tr\u00e2nsito.<\/p>\n<p>O primeiro turno ocorrer\u00e1 no dia 2 de outubro, quando os eleitores v\u00e3o \u00e0s urnas para eleger o presidente da Rep\u00fablica, governadores, senadores, deputados federais, estaduais e distritais. Um eventual segundo turno para a disputa presidencial e aos governos estaduais ser\u00e1 em 30 de outubro.<\/p>\n<p><span style=\"font-weight: 400;\">Fonte: Ag\u00eancia Brasil <\/span><\/p>\n","protected":false},"excerpt":{"rendered":"<p>A partir do dia 15 de julho, os munic\u00edpios com eleitorado superior a 100 mil pessoas devem habilitar os locais de vota\u00e7\u00e3o convencionais ou espec\u00edficos para recebimento do voto em tr\u00e2nsito, que \u00e9 permitido somente nessas localidades. A data est\u00e1 prevista no calend\u00e1rio eleitoral.\u00a0 A medida deve ser cumprida para permitir que o eleitor possa [&hellip;]<\/p>\n","protected":false},"author":246,"featured_media":201453,"comment_status":"closed","ping_status":"closed","sticky":false,"template":"","format":"standard","meta":{"footnotes":""},"categories":[436,254,439],"tags":[],"class_list":["post-201452","post","type-post","status-publish","format-standard","has-post-thumbnail","hentry","category-destaque-da-semana","category-politica","category-ultima-hora"],"_links":{"self":[{"href":"https:\/\/diarioregionaldigital.com.br\/index.php?rest_route=\/wp\/v2\/posts\/201452","targetHints":{"allow":["GET"]}}],"collection":[{"href":"https:\/\/diarioregionaldigital.com.br\/index.php?rest_route=\/wp\/v2\/posts"}],"about":[{"href":"https:\/\/diarioregionaldigital.com.br\/index.php?rest_route=\/wp\/v2\/types\/post"}],"author":[{"embeddable":true,"href":"https:\/\/diarioregionaldigital.com.br\/index.php?rest_route=\/wp\/v2\/users\/246"}],"replies":[{"embeddable":true,"href":"https:\/\/diarioregionaldigital.com.br\/index.php?rest_route=%2Fwp%2Fv2%2Fcomments&post=201452"}],"version-history":[{"count":1,"href":"https:\/\/diarioregionaldigital.com.br\/index.php?rest_route=\/wp\/v2\/posts\/201452\/revisions"}],"predecessor-version":[{"id":201454,"href":"https:\/\/diarioregionaldigital.com.br\/index.php?rest_route=\/wp\/v2\/posts\/201452\/revisions\/201454"}],"wp:featuredmedia":[{"embeddable":true,"href":"https:\/\/diarioregionaldigital.com.br\/index.php?rest_route=\/wp\/v2\/media\/201453"}],"wp:attachment":[{"href":"https:\/\/diarioregionaldigital.com.br\/index.php?rest_route=%2Fwp%2Fv2%2Fmedia&parent=201452"}],"wp:term":[{"taxonomy":"category","embeddable":true,"href":"https:\/\/diarioregionaldigital.com.br\/index.php?rest_route=%2Fwp%2Fv2%2Fcategories&post=201452"},{"taxonomy":"post_tag","embeddable":true,"href":"https:\/\/diarioregionaldigital.com.br\/index.php?rest_route=%2Fwp%2Fv2%2Ftags&post=201452"}],"curies":[{"name":"wp","href":"https:\/\/api.w.org\/{rel}","templated":true}]}}