{"id":201449,"date":"2022-07-11T20:08:19","date_gmt":"2022-07-11T23:08:19","guid":{"rendered":"https:\/\/diarioregionaldigital.com.br\/?p=201449"},"modified":"2022-07-11T20:08:19","modified_gmt":"2022-07-11T23:08:19","slug":"congresso-prorroga-por-60-dias-mp-da-tabela-do-frete-rodoviario","status":"publish","type":"post","link":"https:\/\/diarioregionaldigital.com.br\/?p=201449","title":{"rendered":"Congresso prorroga por 60 dias MP da tabela do frete rodovi\u00e1rio"},"content":{"rendered":"<p>O Congresso Nacional prorrogou por mais 60 dias a vig\u00eancia da\u00a0<a href=\"https:\/\/www.in.gov.br\/en\/web\/dou\/-\/medida-provisoria-n-1.117-de-16-de-maio-de-2022-400309305\" target=\"_blank\" rel=\"noopener\">Medida Provis\u00f3ria (MP) 1117\/22<\/a>\u00a0que alterou a regra para a atualiza\u00e7\u00e3o da tabela de\u00a0<a href=\"https:\/\/agenciabrasil.ebc.com.br\/economia\/noticia\/2022-05\/mp-muda-tabela-do-preco-do-frete-rodoviario-de-carga\" target=\"_blank\" rel=\"noopener\">pre\u00e7o do piso m\u00ednimo de frete rodovi\u00e1rio de carga<\/a>. O ato foi\u00a0<a href=\"https:\/\/www.in.gov.br\/en\/web\/dou\/-\/ato-do-presidente-da-mesa-do-congresso-nacional-n-54-de-2022-414063492\" target=\"_blank\" rel=\"noopener\">publicado hoje (11) no\u00a0<em>Di\u00e1rio Oficial da Uni\u00e3o<\/em><\/a>.<img decoding=\"async\" src=\"https:\/\/agenciabrasil.ebc.com.br\/ebc.png?id=1470268&amp;o=node\" \/><img decoding=\"async\" src=\"https:\/\/agenciabrasil.ebc.com.br\/ebc.gif?id=1470268&amp;o=node\" \/><\/p>\n<p>A medida provis\u00f3ria t\u00eam prazo de validade de 60 dias, prorrog\u00e1veis por mais 60. Caso n\u00e3o seja votada no prazo de 45 dias, entra em regime de urg\u00eancia e tranca a pauta da casa legislativa em que estiver tramitando. Se ao final do per\u00edodo a MP n\u00e3o for votada, perde a validade.<\/p>\n<p>A MP alterou o percentual de varia\u00e7\u00e3o no pre\u00e7o do diesel para a corre\u00e7\u00e3o dos valores da tabela de piso m\u00ednimo de frete, de 10% para 5%. Em s\u00edntese, o texto da MP define que sempre que houver uma varia\u00e7\u00e3o no pre\u00e7o do diesel superior a 5% a tabela deve ser atualizada.<\/p>\n<p>Elaborada em 2018, ap\u00f3s a\u00a0<a href=\"https:\/\/agenciabrasil.ebc.com.br\/geral\/noticia\/2018-05\/veja-os-impactos-apos-oito-dias-de-paralisacao-dos-caminhoneiros\" target=\"_blank\" rel=\"noopener\">greve dos caminhoneiros<\/a>, a legisla\u00e7\u00e3o sobre a Pol\u00edtica Nacional de Pisos M\u00ednimos do Transporte Rodovi\u00e1rio de Cargas estabelece que a Ag\u00eancia Nacional de Transportes Terrestres (ANTT) deve publicar a tabela a cada seis meses, at\u00e9 os dias 20 de janeiro e 20 de julho de cada ano, com os valores ser\u00e3o v\u00e1lidos de piso para o semestre.<\/p>\n<p>O texto original previa ainda que a tabela deve ser atualizada sempre que houver oscila\u00e7\u00e3o no pre\u00e7o do produto igual ou superior a 10%, para mais ou para menos. Com a mudan\u00e7a introduzida pela MP, esse percentual foi reduzido para 5%.<\/p>\n<p>Agora, sempre que ocorrer oscila\u00e7\u00e3o no pre\u00e7o do \u00f3leo diesel no mercado nacional superior a 5% em rela\u00e7\u00e3o ao pre\u00e7o considerado na planilha de c\u00e1lculos, a ANTT deve atualizar a tabela.<\/p>\n<p>Ao publicar a MP, o governo federal justificou a decis\u00e3o com o argumento de que a altera\u00e7\u00e3o visava dar sustentabilidade ao setor de transporte rodovi\u00e1rio de cargas, em especial aos caminhoneiros aut\u00f4nomos, &#8220;de modo a proporcionar uma remunera\u00e7\u00e3o justa e compat\u00edvel com os custos da atividade&#8221;.<\/p>\n<p>Para a elabora\u00e7\u00e3o da tabela, al\u00e9m do pre\u00e7o do produto, tamb\u00e9m s\u00e3o considerados a quantidade de quil\u00f4metros rodados na realiza\u00e7\u00e3o de fretes, eixo carregado, consideradas as dist\u00e2ncias e as especificidades das cargas definidas, bem como planilha de c\u00e1lculos utilizada para a obten\u00e7\u00e3o dos respectivos pisos m\u00ednimos.<\/p>\n<p>No dia 24 de junho, a Ag\u00eancia Nacional de Transportes Terrestres (ANTT) divulgou a nova tabela de piso m\u00ednimo de frete, com reajuste m\u00e9dio de 7,06% a 8,99%.<\/p>\n<p>O \u00faltimo reajuste no pre\u00e7o do diesel foi anunciado pela Petrobras no dia 17 de junho. Na ocasi\u00e3o, a\u00a0<a href=\"https:\/\/agenciabrasil.ebc.com.br\/economia\/noticia\/2022-06\/petrobras-anuncia-novo-aumento-de-combustiveis\" target=\"_blank\" rel=\"noopener\">empresa reajustou em 14,2% o pre\u00e7o do diesel<\/a>.<\/p>\n<p>O reajuste ocorreu dois dias ap\u00f3s a\u00a0<a href=\"https:\/\/agenciabrasil.ebc.com.br\/politica\/noticia\/2022-06\/camara-conclui-votacao-de-projeto-que-limita-icms-dos-combustiveis\" target=\"_blank\" rel=\"noopener\">C\u00e2mara dos Deputados ter conclu\u00eddo a vota\u00e7\u00e3o<\/a>\u00a0do Projeto de Lei Complementar (PLP) 18\/2022, que limita a aplica\u00e7\u00e3o de al\u00edquota do Imposto sobre Circula\u00e7\u00e3o de Mercadorias e Servi\u00e7os (ICMS) sobre combust\u00edveis.<\/p>\n<p>O projeto prev\u00ea a incid\u00eancia da al\u00edquota do ICMS para g\u00e1s natural, energia el\u00e9trica, comunica\u00e7\u00f5es e transporte coletivo, produtos classificados como essenciais e indispens\u00e1veis, levando \u00e0 fixa\u00e7\u00e3o da al\u00edquota do ICMS em um patamar m\u00e1ximo de 17% ou 18% (a depender da localidade), inferior a praticada pelos estados atualmente. O PLP tamb\u00e9m prev\u00ea a compensa\u00e7\u00e3o da Uni\u00e3o \u00e0s perdas de receita dos estados quando a perda de arrecada\u00e7\u00e3o ultrapassar 5%.<\/p>\n<p>O texto tamb\u00e9m reduz a zero, at\u00e9 31 de dezembro de 2022, as al\u00edquotas de Cide-Combust\u00edveis e a tributa\u00e7\u00e3o de Programa de Integra\u00e7\u00e3o Social (PIS) e Contribui\u00e7\u00e3o para o Financiamento da Seguridade Social (Cofins) incidentes sobre a gasolina. O diesel e o g\u00e1s de cozinha j\u00e1 t\u00eam esses tributos zerados.<\/p>\n<p><span style=\"font-weight: 400;\">Fonte: Ag\u00eancia Brasil <\/span><\/p>\n","protected":false},"excerpt":{"rendered":"<p>O Congresso Nacional prorrogou por mais 60 dias a vig\u00eancia da\u00a0Medida Provis\u00f3ria (MP) 1117\/22\u00a0que alterou a regra para a atualiza\u00e7\u00e3o da tabela de\u00a0pre\u00e7o do piso m\u00ednimo de frete rodovi\u00e1rio de carga. O ato foi\u00a0publicado hoje (11) no\u00a0Di\u00e1rio Oficial da Uni\u00e3o. A medida provis\u00f3ria t\u00eam prazo de validade de 60 dias, prorrog\u00e1veis por mais 60. Caso [&hellip;]<\/p>\n","protected":false},"author":246,"featured_media":201450,"comment_status":"closed","ping_status":"closed","sticky":false,"template":"","format":"standard","meta":{"footnotes":""},"categories":[436,254,439],"tags":[],"class_list":["post-201449","post","type-post","status-publish","format-standard","has-post-thumbnail","hentry","category-destaque-da-semana","category-politica","category-ultima-hora"],"_links":{"self":[{"href":"https:\/\/diarioregionaldigital.com.br\/index.php?rest_route=\/wp\/v2\/posts\/201449","targetHints":{"allow":["GET"]}}],"collection":[{"href":"https:\/\/diarioregionaldigital.com.br\/index.php?rest_route=\/wp\/v2\/posts"}],"about":[{"href":"https:\/\/diarioregionaldigital.com.br\/index.php?rest_route=\/wp\/v2\/types\/post"}],"author":[{"embeddable":true,"href":"https:\/\/diarioregionaldigital.com.br\/index.php?rest_route=\/wp\/v2\/users\/246"}],"replies":[{"embeddable":true,"href":"https:\/\/diarioregionaldigital.com.br\/index.php?rest_route=%2Fwp%2Fv2%2Fcomments&post=201449"}],"version-history":[{"count":1,"href":"https:\/\/diarioregionaldigital.com.br\/index.php?rest_route=\/wp\/v2\/posts\/201449\/revisions"}],"predecessor-version":[{"id":201451,"href":"https:\/\/diarioregionaldigital.com.br\/index.php?rest_route=\/wp\/v2\/posts\/201449\/revisions\/201451"}],"wp:featuredmedia":[{"embeddable":true,"href":"https:\/\/diarioregionaldigital.com.br\/index.php?rest_route=\/wp\/v2\/media\/201450"}],"wp:attachment":[{"href":"https:\/\/diarioregionaldigital.com.br\/index.php?rest_route=%2Fwp%2Fv2%2Fmedia&parent=201449"}],"wp:term":[{"taxonomy":"category","embeddable":true,"href":"https:\/\/diarioregionaldigital.com.br\/index.php?rest_route=%2Fwp%2Fv2%2Fcategories&post=201449"},{"taxonomy":"post_tag","embeddable":true,"href":"https:\/\/diarioregionaldigital.com.br\/index.php?rest_route=%2Fwp%2Fv2%2Ftags&post=201449"}],"curies":[{"name":"wp","href":"https:\/\/api.w.org\/{rel}","templated":true}]}}