{"id":201445,"date":"2022-07-11T20:06:05","date_gmt":"2022-07-11T23:06:05","guid":{"rendered":"https:\/\/diarioregionaldigital.com.br\/?p=201445"},"modified":"2022-07-11T20:06:43","modified_gmt":"2022-07-11T23:06:43","slug":"201445","status":"publish","type":"post","link":"https:\/\/diarioregionaldigital.com.br\/?p=201445","title":{"rendered":"Sess\u00e3o do Congresso para an\u00e1lise de vetos e da LDO ser\u00e1 retomada nesta ter\u00e7a-feira"},"content":{"rendered":"<p>Em raz\u00e3o da discord\u00e2ncia dos partidos sobre a invers\u00e3o da pauta para a vota\u00e7\u00e3o do projeto da Lei de Diretrizes Or\u00e7ament\u00e1rias (<span id=\"4066\" class=\"termoGlossario\" title=\"\" contenteditable=\"false\" data-toggle=\"tooltip\" data-placement=\"top\" data-original-title=\"Lei que orienta a elabora\u00e7\u00e3o do or\u00e7amento do ano seguinte. Cont\u00e9m informa\u00e7\u00f5es sobre as metas e prioridades dos tr\u00eas poderes (Executivo, Legislativo e Judici\u00e1rio) e do Minist\u00e9rio P\u00fablico da Uni\u00e3o. Tamb\u00e9m define a meta fiscal para o ano seguinte. \u00c9 elaborada pelo Executivo e aprovada pelo Congresso Nacional.\">LDO<\/span>) de 2023 antes dos quatro vetos que trancam os trabalhos, o presidente do Senado, Rodrigo Pacheco, decidiu suspender a sess\u00e3o do Congresso Nacional para que as lideran\u00e7as tentem chegar a um acordo. A sess\u00e3o ser\u00e1 retomada nesta ter\u00e7a-feira (12).<\/p>\n<p>Durante a sess\u00e3o, o relator da LDO 2023, senador Marcos do Val (Podemos-ES), concordou em retirar do texto o artigo sobre a execu\u00e7\u00e3o impositiva das emendas de relator (RP9), uma das reivindica\u00e7\u00f5es do deputado <a href=\"https:\/\/www.camara.leg.br\/deputados\/160508\">Afonso Florence (PT-BA)<\/a> ao falar pela lideran\u00e7a da <span id=\"4279\" class=\"termoGlossario\" title=\"\" contenteditable=\"false\" data-toggle=\"tooltip\" data-placement=\"top\" data-original-title=\"Bancada partid\u00e1ria cujo n\u00famero de integrantes seja imediatamente inferior \u00e0 maioria e que expresse posi\u00e7\u00e3o diferente desta em rela\u00e7\u00e3o ao governo.\">Minoria<\/span>.<\/p>\n<p>Entretanto, outros partidos, como o Uni\u00e3o Brasil, s\u00e3o contra o fim da execu\u00e7\u00e3o impositiva das emendas de relator, que chegam a cerca de R$ 19 bilh\u00f5es no pr\u00f3ximo ano.<\/p>\n<p>O presidente da <span id=\"4053\" class=\"termoGlossario\" title=\"\" contenteditable=\"false\" data-toggle=\"tooltip\" data-placement=\"top\" data-original-title=\"Comiss\u00e3o de deputados e senadores respons\u00e1vel pela an\u00e1lise das propostas or\u00e7ament\u00e1rias elaboradas pelo Executivo: Lei de Diretrizes Or\u00e7ament\u00e1rias (LDO), Lei Or\u00e7ament\u00e1ria Anual (LOA) e Plano Plurianual (PPA).\">Comiss\u00e3o Mista de Or\u00e7amento<\/span>, deputado <a href=\"https:\/\/www.camara.leg.br\/deputados\/204496\">Celso Sabino (Uni\u00e3o-PA)<\/a>, defendeu a reabertura de prazo para apresentar <span id=\"4027\" class=\"termoGlossario\" title=\"\" contenteditable=\"false\" data-toggle=\"tooltip\" data-placement=\"top\" data-original-title=\"Pedido feito por deputado ou l\u00edder de partido para votar, de forma separada, emenda ou parte do texto. A vota\u00e7\u00e3o ocorre ap\u00f3s a aprova\u00e7\u00e3o do texto principal.\">destaques<\/span> ao projeto da LDO, com o objetivo de reinserir a impositividade das emendas conhecidas como RP 9. &#8220;Todos esses recursos t\u00eam ampla visibilidade e fiscaliza\u00e7\u00e3o. Se n\u00e3o transformarmos a RP 9 em execu\u00e7\u00e3o obrigat\u00f3ria, a\u00ed sim poucos no Congresso ser\u00e3o contemplados, ao sabor do governo de plant\u00e3o&#8221;, alertou.<\/p>\n<p>J\u00e1 o senador Oriovisto Guimar\u00e3es (Podemos-PR) reclamou que o relator manteve a reserva de recursos para as emendas de relator. &#8220;N\u00e3o queremos nenhum tipo de RP 9. As emendas individuais e de bancada s\u00e3o suficientes. Quem quiser levar recursos para seu estado que apresente projetos. Est\u00e1 para estourar um esc\u00e2ndalo enorme com as RP 9&#8221;, denunciou.<\/p>\n<p>L\u00edder da Minoria no Congresso, o deputado Afonso Florence tamb\u00e9m defendeu a derrubada das emendas RP 9 e de sua impositividade. &#8220;O objetivo de adiar a sess\u00e3o \u00e9 retomar a impositividade. Queremos dar continuidade \u00e0 sess\u00e3o apreciando a LDO.&#8221;<\/p>\n<p><strong>Uso indevido<\/strong><br \/>\nO senador Alessandro Vieira (PSDB-SE) denunciou o uso indevido das emendas de relator para influenciar as decis\u00f5es no Congresso. Ele citou a elei\u00e7\u00e3o do presidente do Senado, Rodrigo Pacheco. &#8220;Essa distribui\u00e7\u00e3o bilion\u00e1ria de vantagens indevidas por crit\u00e9rios politiqueiros, pequenos, menores, \u00e9 nada mais nada menos do que corrup\u00e7\u00e3o&#8221;, acusou.<\/p>\n<p>Rodrigo Pacheco respondeu que oferece um tratamento igual, equilibrado e ison\u00f4mico em rela\u00e7\u00e3o aos senadores. &#8220;O senador Marcos do Val esclareceu que n\u00e3o h\u00e1 nenhum tipo de troca ou de benesse de senadores em rela\u00e7\u00e3o \u00e0s emendas de relator. N\u00e3o podemos aceitar que se criminalize a atividade pol\u00edtica e o mister de deputados e senadores de buscar recursos para seus estados&#8221;, ponderou.<\/p>\n<p><strong>Transpar\u00eancia<\/strong><br \/>\nO presidente do Congresso ainda defendeu os mecanismos de transpar\u00eancia, adotados pela Comiss\u00e3o Mista de Or\u00e7amento, para identificar as indica\u00e7\u00f5es das emendas de relator. &#8220;Ouso dizer que as emendas de relator do Congresso Nacional s\u00e3o mais transparentes que as RP 2 do Poder Executivo, que tinha o Or\u00e7amento inteiro em suas m\u00e3os&#8221;, comparou. &#8220;\u00c9 nosso papel contribuir com o Executivo e com o Pa\u00eds na aplica\u00e7\u00e3o dos recursos no dia a dia&#8221;, disse Pacheco.<\/p>\n<p>Marcos do Val, por sua vez, afirmou que seu relat\u00f3rio aumenta a transpar\u00eancia e o controle das emendas de relator. &#8220;As indica\u00e7\u00f5es do relator passaram a ser compartilhadas com o presidente da Comiss\u00e3o Mista de Or\u00e7amento. Isso passou a ser mais um instrumento de controle dentre v\u00e1rias outras medidas do relat\u00f3rio.&#8221;<\/p>\n<p>O relator-geral do Or\u00e7amento 2023, senador Marcelo Castro (MDB-PI), negou que as emendas RP 9 sejam secretas. &#8220;Hoje, todos os recursos s\u00e3o publicados no site da Comiss\u00e3o Mista de Or\u00e7amento, dizendo quem \u00e9 o autor da indica\u00e7\u00e3o&#8221;, informou.<\/p>\n<p>Ele avalia que o Legislativo avan\u00e7ou no seu poder, liberdade e autonomia com a libera\u00e7\u00e3o impositiva de emendas. &#8220;Emenda de relator sempre existiu, mas era para poucos. S\u00f3 as c\u00fapulas partid\u00e1rias \u00e9 que participavam dessas emendas de relator&#8221;, afirmou Marcelo Castro. &#8220;Precisamos aperfei\u00e7oar as emendas de relator. No meu parecer preliminar, vou estabelecer crit\u00e9rios para que as emendas favore\u00e7am o desenvolvimento e os munic\u00edpios.&#8221;<\/p>\n<p>O l\u00edder do governo na C\u00e2mara, deputado <a href=\"https:\/\/www.camara.leg.br\/deputados\/73788\">Ricardo Barros (PP-PR)<\/a>, lembrou que as emendas atendem a demandas de prefeitos. &#8220;H\u00e1 muita press\u00e3o sobre o Or\u00e7amento da Uni\u00e3o. O dinheiro \u00e9 pouco, e nossa capacidade de investimento \u00e9 m\u00ednima&#8221;, declarou.<\/p>\n<p>O deputado <a href=\"https:\/\/www.camara.leg.br\/deputados\/204556\">Marcelo Ramos (PSD-AM)<\/a> cobrou a defini\u00e7\u00e3o de crit\u00e9rios de distribui\u00e7\u00e3o das emendas de relator antes que haja impositividade. &#8220;As emendas individuais e de bancada s\u00e3o impositivas porque tem crit\u00e9rios de distribui\u00e7\u00e3o. As emendas RP 9 deveriam ter os mesmos crit\u00e9rios de distribui\u00e7\u00e3o das emendas individuais e de bancada&#8221;, prop\u00f4s.<\/p>\n<p>Fonte: Ag\u00eancia C\u00e2mara de Not\u00edcias<\/p>\n","protected":false},"excerpt":{"rendered":"<p>Em raz\u00e3o da discord\u00e2ncia dos partidos sobre a invers\u00e3o da pauta para a vota\u00e7\u00e3o do projeto da Lei de Diretrizes Or\u00e7ament\u00e1rias (LDO) de 2023 antes dos quatro vetos que trancam os trabalhos, o presidente do Senado, Rodrigo Pacheco, decidiu suspender a sess\u00e3o do Congresso Nacional para que as lideran\u00e7as tentem chegar a um acordo. A [&hellip;]<\/p>\n","protected":false},"author":246,"featured_media":201446,"comment_status":"closed","ping_status":"closed","sticky":false,"template":"","format":"standard","meta":{"footnotes":""},"categories":[436,254,439],"tags":[],"class_list":["post-201445","post","type-post","status-publish","format-standard","has-post-thumbnail","hentry","category-destaque-da-semana","category-politica","category-ultima-hora"],"_links":{"self":[{"href":"https:\/\/diarioregionaldigital.com.br\/index.php?rest_route=\/wp\/v2\/posts\/201445","targetHints":{"allow":["GET"]}}],"collection":[{"href":"https:\/\/diarioregionaldigital.com.br\/index.php?rest_route=\/wp\/v2\/posts"}],"about":[{"href":"https:\/\/diarioregionaldigital.com.br\/index.php?rest_route=\/wp\/v2\/types\/post"}],"author":[{"embeddable":true,"href":"https:\/\/diarioregionaldigital.com.br\/index.php?rest_route=\/wp\/v2\/users\/246"}],"replies":[{"embeddable":true,"href":"https:\/\/diarioregionaldigital.com.br\/index.php?rest_route=%2Fwp%2Fv2%2Fcomments&post=201445"}],"version-history":[{"count":2,"href":"https:\/\/diarioregionaldigital.com.br\/index.php?rest_route=\/wp\/v2\/posts\/201445\/revisions"}],"predecessor-version":[{"id":201448,"href":"https:\/\/diarioregionaldigital.com.br\/index.php?rest_route=\/wp\/v2\/posts\/201445\/revisions\/201448"}],"wp:featuredmedia":[{"embeddable":true,"href":"https:\/\/diarioregionaldigital.com.br\/index.php?rest_route=\/wp\/v2\/media\/201446"}],"wp:attachment":[{"href":"https:\/\/diarioregionaldigital.com.br\/index.php?rest_route=%2Fwp%2Fv2%2Fmedia&parent=201445"}],"wp:term":[{"taxonomy":"category","embeddable":true,"href":"https:\/\/diarioregionaldigital.com.br\/index.php?rest_route=%2Fwp%2Fv2%2Fcategories&post=201445"},{"taxonomy":"post_tag","embeddable":true,"href":"https:\/\/diarioregionaldigital.com.br\/index.php?rest_route=%2Fwp%2Fv2%2Ftags&post=201445"}],"curies":[{"name":"wp","href":"https:\/\/api.w.org\/{rel}","templated":true}]}}