{"id":201442,"date":"2022-07-11T20:02:17","date_gmt":"2022-07-11T23:02:17","guid":{"rendered":"https:\/\/diarioregionaldigital.com.br\/?p=201442"},"modified":"2022-07-11T20:02:17","modified_gmt":"2022-07-11T23:02:17","slug":"camara-repudia-qualquer-ato-de-violencia-decorrente-de-manifestacoes-politicas","status":"publish","type":"post","link":"https:\/\/diarioregionaldigital.com.br\/?p=201442","title":{"rendered":"C\u00e2mara repudia qualquer ato de viol\u00eancia decorrente de manifesta\u00e7\u00f5es pol\u00edticas"},"content":{"rendered":"<p>O presidente da C\u00e2mara dos Deputados, <a href=\"https:\/\/www.camara.leg.br\/deputados\/160541\">Arthur Lira (PP-AL)<\/a>, divulgou nota na qual repudia quaisquer atos de viol\u00eancia decorrentes de manifesta\u00e7\u00f5es pol\u00edticas. Ontem, o tesoureiro do PT no Paran\u00e1, Marcelo Alo\u00edzio de Arruda, foi assassinado a tiros na comemora\u00e7\u00e3o de seu anivers\u00e1rio por Jorge Jos\u00e9 da Rocha Guaranho, um policial simpatizante do presidente Jair Bolsonaro.<\/p>\n<p>A festa tinha como tema o ex-presidente Lula e, segundo a imprensa, Guaranho invadiu o evento proferindo palavras de ordem como \u201cAqui \u00e9 Bolsonaro\u201d e \u201cLula ladr\u00e3o\u201d.<\/p>\n<p>Lira pediu respeito \u00e0 democracia e \u00e0 garantia da defesa de posi\u00e7\u00f5es partid\u00e1rias. \u201cA C\u00e2mara dos Deputados repudia qualquer ato de viol\u00eancia, ainda mais decorrente de manifesta\u00e7\u00f5es pol\u00edticas. A democracia pressup\u00f5e o amplo debate de ideias e a garantia da defesa de posi\u00e7\u00f5es partid\u00e1rias, com toler\u00e2ncia e respeito \u00e0 liberdade de express\u00e3o&#8221;, disse Lira.<\/p>\n<p>&#8220;A campanha eleitoral est\u00e1 apenas come\u00e7ando. Conclamo a todos pela paz para fazer nossas escolhas pol\u00edticas e votar nos projetos que acreditamos. Esta \u00e9 a premissa de uma democracia plena e s\u00f3lida, como a nossa\u201d, afirmou o presidente por meio de suas redes sociais.<\/p>\n<p>As lideran\u00e7as da Oposi\u00e7\u00e3o e da Minoria tamb\u00e9m divulgaram nota conjunta repudiando o assassinato e a viol\u00eancia pol\u00edtica. \u201cEsperamos que o crime que tirou a vida de Marcelo Arruda seja o \u00faltimo desse tipo que testemunhamos no Brasil\u201d, assinam os l\u00edderes.<\/p>\n<p>Fonte: Ag\u00eancia C\u00e2mara de Not\u00edcias<\/p>\n","protected":false},"excerpt":{"rendered":"<p>O presidente da C\u00e2mara dos Deputados, Arthur Lira (PP-AL), divulgou nota na qual repudia quaisquer atos de viol\u00eancia decorrentes de manifesta\u00e7\u00f5es pol\u00edticas. Ontem, o tesoureiro do PT no Paran\u00e1, Marcelo Alo\u00edzio de Arruda, foi assassinado a tiros na comemora\u00e7\u00e3o de seu anivers\u00e1rio por Jorge Jos\u00e9 da Rocha Guaranho, um policial simpatizante do presidente Jair Bolsonaro. [&hellip;]<\/p>\n","protected":false},"author":246,"featured_media":201443,"comment_status":"closed","ping_status":"closed","sticky":false,"template":"","format":"standard","meta":{"footnotes":""},"categories":[436,440,254,439],"tags":[],"class_list":["post-201442","post","type-post","status-publish","format-standard","has-post-thumbnail","hentry","category-destaque-da-semana","category-destaques-do-dia","category-politica","category-ultima-hora"],"_links":{"self":[{"href":"https:\/\/diarioregionaldigital.com.br\/index.php?rest_route=\/wp\/v2\/posts\/201442","targetHints":{"allow":["GET"]}}],"collection":[{"href":"https:\/\/diarioregionaldigital.com.br\/index.php?rest_route=\/wp\/v2\/posts"}],"about":[{"href":"https:\/\/diarioregionaldigital.com.br\/index.php?rest_route=\/wp\/v2\/types\/post"}],"author":[{"embeddable":true,"href":"https:\/\/diarioregionaldigital.com.br\/index.php?rest_route=\/wp\/v2\/users\/246"}],"replies":[{"embeddable":true,"href":"https:\/\/diarioregionaldigital.com.br\/index.php?rest_route=%2Fwp%2Fv2%2Fcomments&post=201442"}],"version-history":[{"count":1,"href":"https:\/\/diarioregionaldigital.com.br\/index.php?rest_route=\/wp\/v2\/posts\/201442\/revisions"}],"predecessor-version":[{"id":201444,"href":"https:\/\/diarioregionaldigital.com.br\/index.php?rest_route=\/wp\/v2\/posts\/201442\/revisions\/201444"}],"wp:featuredmedia":[{"embeddable":true,"href":"https:\/\/diarioregionaldigital.com.br\/index.php?rest_route=\/wp\/v2\/media\/201443"}],"wp:attachment":[{"href":"https:\/\/diarioregionaldigital.com.br\/index.php?rest_route=%2Fwp%2Fv2%2Fmedia&parent=201442"}],"wp:term":[{"taxonomy":"category","embeddable":true,"href":"https:\/\/diarioregionaldigital.com.br\/index.php?rest_route=%2Fwp%2Fv2%2Fcategories&post=201442"},{"taxonomy":"post_tag","embeddable":true,"href":"https:\/\/diarioregionaldigital.com.br\/index.php?rest_route=%2Fwp%2Fv2%2Ftags&post=201442"}],"curies":[{"name":"wp","href":"https:\/\/api.w.org\/{rel}","templated":true}]}}