{"id":201439,"date":"2022-07-11T19:48:59","date_gmt":"2022-07-11T22:48:59","guid":{"rendered":"https:\/\/diarioregionaldigital.com.br\/?p=201439"},"modified":"2022-07-11T19:48:59","modified_gmt":"2022-07-11T22:48:59","slug":"nervosismo-externo-faz-dolar-subir-para-r-537","status":"publish","type":"post","link":"https:\/\/diarioregionaldigital.com.br\/?p=201439","title":{"rendered":"Nervosismo externo faz d\u00f3lar subir para R$ 5,37"},"content":{"rendered":"<p>A tr\u00e9gua no mercado financeiro durou pouco. Ap\u00f3s alguns dias de al\u00edvio, o d\u00f3lar voltou a subir nesta segunda-feira (11), pressionado pelo nervosismo externo. A bolsa de valores caiu mais de 2% e voltou a ficar abaixo dos 100 mil pontos.<img decoding=\"async\" src=\"https:\/\/agenciabrasil.ebc.com.br\/ebc.png?id=1470399&amp;o=node\" \/><img decoding=\"async\" src=\"https:\/\/agenciabrasil.ebc.com.br\/ebc.gif?id=1470399&amp;o=node\" \/><\/p>\n<p>O d\u00f3lar comercial encerrou esta segunda-feira (11) vendido a R$ 5,371, com valoriza\u00e7\u00e3o de R$ 0,103 (+1,96%). A cota\u00e7\u00e3o operou em alta durante toda a sess\u00e3o, mas intensificou a subida perto do fim das negocia\u00e7\u00f5es, fechando pr\u00f3xima da m\u00e1xima do dia.<\/p>\n<p>Com o desempenho de hoje, a moeda norte-americana acumula alta de 2,6% em julho. Em 2022, a divisa cai 3,68%.<\/p>\n<p>O dia tamb\u00e9m foi tenso no mercado de a\u00e7\u00f5es. Pressionado pela queda das commodities (bens prim\u00e1rios com cota\u00e7\u00e3o internacional), o \u00edndice Ibovespa fechou aos 98.212 pontos, com recuo de 2,07%.<\/p>\n<p>Nesta segunda, os receios de que a economia norte-americana entre em recess\u00e3o voltaram a pesar no mercado internacional, empurrando o d\u00f3lar para cima e as bolsas de todo o planeta para baixo. Outros fatores externos contribu\u00edram para o pessimismo global.<\/p>\n<p>O an\u00fancio de novos\u00a0<em>lockdowns\u00a0<\/em>na China para conter a dissemina\u00e7\u00e3o da covid-19 fez os pre\u00e7os de commodities como petr\u00f3leo e min\u00e9rio de ferro ca\u00edrem nesta segunda-feira. A amea\u00e7a de uma crise energ\u00e9tica na Europa por causa do fechamento do gasoduto Nord Stream 1, entre R\u00fassia e Alemanha, tamb\u00e9m pesou. O gasoduto entrou em manuten\u00e7\u00e3o por dez dias, mas a R\u00fassia pode fech\u00e1-lo por tempo indeterminado por causa da guerra na Ucr\u00e2nia.<\/p>\n<p><span style=\"font-weight: 400;\">Fonte: Ag\u00eancia Brasil <\/span><\/p>\n","protected":false},"excerpt":{"rendered":"<p>A tr\u00e9gua no mercado financeiro durou pouco. Ap\u00f3s alguns dias de al\u00edvio, o d\u00f3lar voltou a subir nesta segunda-feira (11), pressionado pelo nervosismo externo. A bolsa de valores caiu mais de 2% e voltou a ficar abaixo dos 100 mil pontos. O d\u00f3lar comercial encerrou esta segunda-feira (11) vendido a R$ 5,371, com valoriza\u00e7\u00e3o de [&hellip;]<\/p>\n","protected":false},"author":246,"featured_media":201440,"comment_status":"closed","ping_status":"closed","sticky":false,"template":"","format":"standard","meta":{"footnotes":""},"categories":[436,261,439],"tags":[],"class_list":["post-201439","post","type-post","status-publish","format-standard","has-post-thumbnail","hentry","category-destaque-da-semana","category-economia","category-ultima-hora"],"_links":{"self":[{"href":"https:\/\/diarioregionaldigital.com.br\/index.php?rest_route=\/wp\/v2\/posts\/201439","targetHints":{"allow":["GET"]}}],"collection":[{"href":"https:\/\/diarioregionaldigital.com.br\/index.php?rest_route=\/wp\/v2\/posts"}],"about":[{"href":"https:\/\/diarioregionaldigital.com.br\/index.php?rest_route=\/wp\/v2\/types\/post"}],"author":[{"embeddable":true,"href":"https:\/\/diarioregionaldigital.com.br\/index.php?rest_route=\/wp\/v2\/users\/246"}],"replies":[{"embeddable":true,"href":"https:\/\/diarioregionaldigital.com.br\/index.php?rest_route=%2Fwp%2Fv2%2Fcomments&post=201439"}],"version-history":[{"count":1,"href":"https:\/\/diarioregionaldigital.com.br\/index.php?rest_route=\/wp\/v2\/posts\/201439\/revisions"}],"predecessor-version":[{"id":201441,"href":"https:\/\/diarioregionaldigital.com.br\/index.php?rest_route=\/wp\/v2\/posts\/201439\/revisions\/201441"}],"wp:featuredmedia":[{"embeddable":true,"href":"https:\/\/diarioregionaldigital.com.br\/index.php?rest_route=\/wp\/v2\/media\/201440"}],"wp:attachment":[{"href":"https:\/\/diarioregionaldigital.com.br\/index.php?rest_route=%2Fwp%2Fv2%2Fmedia&parent=201439"}],"wp:term":[{"taxonomy":"category","embeddable":true,"href":"https:\/\/diarioregionaldigital.com.br\/index.php?rest_route=%2Fwp%2Fv2%2Fcategories&post=201439"},{"taxonomy":"post_tag","embeddable":true,"href":"https:\/\/diarioregionaldigital.com.br\/index.php?rest_route=%2Fwp%2Fv2%2Ftags&post=201439"}],"curies":[{"name":"wp","href":"https:\/\/api.w.org\/{rel}","templated":true}]}}