{"id":201429,"date":"2022-07-11T19:35:50","date_gmt":"2022-07-11T22:35:50","guid":{"rendered":"https:\/\/diarioregionaldigital.com.br\/?p=201429"},"modified":"2022-07-11T19:35:50","modified_gmt":"2022-07-11T22:35:50","slug":"mercado-financeiro-preve-inflacao-de-767-para-este-ano","status":"publish","type":"post","link":"https:\/\/diarioregionaldigital.com.br\/?p=201429","title":{"rendered":"Mercado financeiro prev\u00ea infla\u00e7\u00e3o de 7,67% para este ano"},"content":{"rendered":"<p>Pela segunda semana seguida, o mercado financeiro reduz a expectativa de infla\u00e7\u00e3o para 2022. De acordo com o Boletim Focus, divulgado hoje (11) pelo Banco Central, o \u00cdndice de Pre\u00e7os ao Consumidor Amplo (IPCA) deste ano dever\u00e1 ficar em 7,67%. H\u00e1 uma semana, esse percentual estava em 7,96%; e h\u00e1 quatro semanas, em 8,5%.<img decoding=\"async\" src=\"https:\/\/agenciabrasil.ebc.com.br\/ebc.png?id=1470282&amp;o=node\" \/><img decoding=\"async\" src=\"https:\/\/agenciabrasil.ebc.com.br\/ebc.gif?id=1470282&amp;o=node\" \/><\/p>\n<p>O Boletim Focus \u00e9 uma publica\u00e7\u00e3o semanal que re\u00fane a proje\u00e7\u00e3o de cerca de 100 institui\u00e7\u00f5es do mercado para os principais indicadores econ\u00f4micos do pa\u00eds. Para 2023, a expectativa de infla\u00e7\u00e3o subiu de 5,01% (previs\u00e3o divulgada na semana passada) para 5,09%. \u00c9 a 14\u00aa alta seguida.<\/p>\n<p>H\u00e1 quatro semanas o IPCA estava em 4,7%. J\u00e1 para 2024, a proje\u00e7\u00e3o de infla\u00e7\u00e3o aumentou, passando de 3,25% para 3,3%. Para 2025, a proje\u00e7\u00e3o inflacion\u00e1ria se mant\u00e9m est\u00e1vel h\u00e1 52 semanas, em 3%.<\/p>\n<h2>PIB<\/h2>\n<p>Com rela\u00e7\u00e3o ao Produto Interno Bruto (PIB, a soma dos bens e dos servi\u00e7os produzidos no pa\u00eds), o Boletim Focus desta semana aumentou de 1,51% (proje\u00e7\u00e3o divulgada na semana passada) para 1,59% a previs\u00e3o de crescimento. H\u00e1 quatro semanas, o c\u00e1lculo estava em 1,42%.<\/p>\n<p>O PIB estimado para 2023 ficou est\u00e1vel na compara\u00e7\u00e3o com a semana passada, 0,5%. H\u00e1 quatro semanas, estava em 0,55%.<\/p>\n<p>Para 2024, a estimativa apresentada hoje \u00e9 de 1,8%, ante o 1,81% projetado na semana anterior. H\u00e1 quatro semanas, o percentual de crescimento era de 2%. Para 2025, a previs\u00e3o para o PIB se mant\u00e9m est\u00e1vel em 2% h\u00e1 35 semanas.<\/p>\n<h2>Taxa de juros<\/h2>\n<p>O mercado financeiro manteve est\u00e1vel em 13,75% ao ano a estimativa para a taxa b\u00e1sica de juros, a Selic, de 2022. H\u00e1 quatro semanas, a previs\u00e3o era de 13,25% ao ano para o fechamento do ano.<\/p>\n<p>Tamb\u00e9m se manteve est\u00e1vel a previs\u00e3o da Selic para 2023, na compara\u00e7\u00e3o com o n\u00famero apresentado h\u00e1 uma semana, de 10,5% ao ano. H\u00e1 quatro semanas, a previs\u00e3o era de fechar 2023 com uma taxa de 10% ao ano.<\/p>\n<p>Para 2024 a previs\u00e3o \u00e9 de uma Selic em 8% ao ano. Na semana passada estava previsto que a taxa fecharia em 7,75% ao ano, em 2023; e h\u00e1 quatro semanas o valor era de 7,5% ao ano &#8211; o mesmo percentual previsto para 2025.<\/p>\n<h2>D\u00f3lar<\/h2>\n<p>A estimativa para a cota\u00e7\u00e3o do d\u00f3lar ao final do ano apresentou alta na compara\u00e7\u00e3o com a semana passada, passando de R$ 5,09 para R$ 5,13. H\u00e1 quatro semanas, a previs\u00e3o era de que a moeda norte-americana fecharia o ano com uma cota\u00e7\u00e3o de R$5,01.<\/p>\n<p>De acordo com o Focus, o d\u00f3lar fechar\u00e1 2023 cotado a R$ 5,10 \u2013 o mesmo valor da semana anterior. H\u00e1 quatro semanas, a expectativa era de que a moeda apresentaria a cota\u00e7\u00e3o de R$ 5,05 ao final do pr\u00f3ximo ano.<\/p>\n<p>O boletim projeta, para 2024, uma cota\u00e7\u00e3o de R$ 5,06, ante aos R$ 5,07 projetados como cota\u00e7\u00e3o h\u00e1 uma semana; e aos R$ 5,03 projetados h\u00e1 quatro semanas para o final daquele ano.<\/p>\n<p>Para 2025, a estimativa \u00e9 de uma cota\u00e7\u00e3o de R$ 5,15 para a moeda norte-americana, mesmo valor visto no boletim da semana passada. H\u00e1 quatro semanas, a cota\u00e7\u00e3o projetada estava em R$ 5,13.<\/p>\n<p><span style=\"font-weight: 400;\">Fonte: Ag\u00eancia Brasil <\/span><\/p>\n","protected":false},"excerpt":{"rendered":"<p>Pela segunda semana seguida, o mercado financeiro reduz a expectativa de infla\u00e7\u00e3o para 2022. De acordo com o Boletim Focus, divulgado hoje (11) pelo Banco Central, o \u00cdndice de Pre\u00e7os ao Consumidor Amplo (IPCA) deste ano dever\u00e1 ficar em 7,67%. H\u00e1 uma semana, esse percentual estava em 7,96%; e h\u00e1 quatro semanas, em 8,5%. O [&hellip;]<\/p>\n","protected":false},"author":246,"featured_media":201430,"comment_status":"closed","ping_status":"closed","sticky":false,"template":"","format":"standard","meta":{"footnotes":""},"categories":[436,440,261,439],"tags":[],"class_list":["post-201429","post","type-post","status-publish","format-standard","has-post-thumbnail","hentry","category-destaque-da-semana","category-destaques-do-dia","category-economia","category-ultima-hora"],"_links":{"self":[{"href":"https:\/\/diarioregionaldigital.com.br\/index.php?rest_route=\/wp\/v2\/posts\/201429","targetHints":{"allow":["GET"]}}],"collection":[{"href":"https:\/\/diarioregionaldigital.com.br\/index.php?rest_route=\/wp\/v2\/posts"}],"about":[{"href":"https:\/\/diarioregionaldigital.com.br\/index.php?rest_route=\/wp\/v2\/types\/post"}],"author":[{"embeddable":true,"href":"https:\/\/diarioregionaldigital.com.br\/index.php?rest_route=\/wp\/v2\/users\/246"}],"replies":[{"embeddable":true,"href":"https:\/\/diarioregionaldigital.com.br\/index.php?rest_route=%2Fwp%2Fv2%2Fcomments&post=201429"}],"version-history":[{"count":1,"href":"https:\/\/diarioregionaldigital.com.br\/index.php?rest_route=\/wp\/v2\/posts\/201429\/revisions"}],"predecessor-version":[{"id":201431,"href":"https:\/\/diarioregionaldigital.com.br\/index.php?rest_route=\/wp\/v2\/posts\/201429\/revisions\/201431"}],"wp:featuredmedia":[{"embeddable":true,"href":"https:\/\/diarioregionaldigital.com.br\/index.php?rest_route=\/wp\/v2\/media\/201430"}],"wp:attachment":[{"href":"https:\/\/diarioregionaldigital.com.br\/index.php?rest_route=%2Fwp%2Fv2%2Fmedia&parent=201429"}],"wp:term":[{"taxonomy":"category","embeddable":true,"href":"https:\/\/diarioregionaldigital.com.br\/index.php?rest_route=%2Fwp%2Fv2%2Fcategories&post=201429"},{"taxonomy":"post_tag","embeddable":true,"href":"https:\/\/diarioregionaldigital.com.br\/index.php?rest_route=%2Fwp%2Fv2%2Ftags&post=201429"}],"curies":[{"name":"wp","href":"https:\/\/api.w.org\/{rel}","templated":true}]}}