{"id":201423,"date":"2022-07-10T06:00:39","date_gmt":"2022-07-10T09:00:39","guid":{"rendered":"https:\/\/diarioregionaldigital.com.br\/?p=201423"},"modified":"2022-07-08T22:30:16","modified_gmt":"2022-07-09T01:30:16","slug":"a-perda-de-rouanet","status":"publish","type":"post","link":"https:\/\/diarioregionaldigital.com.br\/?p=201423","title":{"rendered":"A Perda de Rouanet"},"content":{"rendered":"<p>A \u00a0Academia Brasileira de Letras sofreu mais um baque no seu elenco de imortais. O falecimento do fil\u00f3sofo e escritor S\u00e9rgio Paulo Rouanet abre um vazio, n\u00e3o apenas na ABL, mas na cultura brasileira, que deve muito a ele, sobretudo com a lei de incentivo que levou o seu honroso nome. Muitos projetos tornaram-se vi\u00e1veis gra\u00e7as \u00e0 chamada lei Rouanet.<\/p>\n<p>Pessoalmente, senti muito a sua morte. Quando visitei a Alemanha, Rouanet foi me buscar no aeroporto, para dar as boas-vindas. Era um exemplar diplomata, ao lado da sua esposa B\u00e1rbara, sempre muito querida e sol\u00edcita. Em outra ocasi\u00e3o, no ch\u00e1 dos acad\u00eamicos, me puxou de lado e disse que tinha uma sugest\u00e3o para me fazer: \u201cPor que\u00a0 voc\u00ea me n\u00e3o faz uma confer\u00eancia sobre a presen\u00e7a dos judeus na cultura brasileira?\u201d Aceitei a sugest\u00e3o e fiz a palestra, depois de uma ampla pesquisa na literatura existente. Vou aproveitar o tema para escrever mat\u00e9ria para a \u201cRevista Brasileira\u201d, dirigida pelo imortal Rosiska Darcy de Oliveira, quando for lan\u00e7ado o seu segundo n\u00famero.<\/p>\n<p>Ao contr\u00e1rio dos dias atuais, em que a cultura \u00e9 nefastamente politizada, Rouanet foi um grande ministro da Cultura. Para a atriz Fernanda Montenegro, assim ele se eternizou. Para o imortal Cac\u00e1 Diegues, Rouanet foi um insuper\u00e1vel pensador e homem de a\u00e7\u00e3o, merecendo todo o\u00a0 nosso respeito.<\/p>\n<p>A Lei Rouanet foi entendida sob o enfoque de incentivo e n\u00e3o de paternalismo. Trabalhou na linha do social liberalismo, com a democratiza\u00e7\u00e3o do acesso aos bens culturais. Assim a cultura seria distribu\u00edda de forma justa, ampliando o chamado Produto Interno Cultural. Segundo o seu autor, da forma como foi concedida \u201cela seria distribu\u00edda de forma justa, mesmo para as camadas mais pobres da nossa popula\u00e7\u00e3o, gerando dois tipos de mecenato: o privado e o governamental. \u201c Escreveu muito sobre iluminismo e modernidade.<\/p>\n<p>Os projetos apresentados somente seriam executados se estivessem de acordo com a Pol\u00edtica Nacional de Cultura e se houvesse a garantia de uma correta aplica\u00e7\u00e3o dos recursos envolvidos. Assim ele comandou com sucesso um processo hist\u00f3rico, consagrado por uma frase cl\u00e1ssica: \u201cA cultura deve ser livre, sem amarras, sem paternalismo, mas com o Estado estimulando de todas as formas o seu amplo desabrochar.\u201d \u00a0Foi um grande defensor da liberdade de express\u00e3o. Rouanet deixar\u00e1 saudades.<\/p>\n","protected":false},"excerpt":{"rendered":"<p>A \u00a0Academia Brasileira de Letras sofreu mais um baque no seu elenco de imortais. O falecimento do fil\u00f3sofo e escritor S\u00e9rgio Paulo Rouanet abre um vazio, n\u00e3o apenas na ABL, mas na cultura brasileira, que deve muito a ele, sobretudo com a lei de incentivo que levou o seu honroso nome. Muitos projetos tornaram-se vi\u00e1veis [&hellip;]<\/p>\n","protected":false},"author":96,"featured_media":0,"comment_status":"closed","ping_status":"closed","sticky":false,"template":"","format":"standard","meta":{"footnotes":""},"categories":[275],"tags":[],"class_list":["post-201423","post","type-post","status-publish","format-standard","hentry","category-arnaldo-niskier"],"_links":{"self":[{"href":"https:\/\/diarioregionaldigital.com.br\/index.php?rest_route=\/wp\/v2\/posts\/201423","targetHints":{"allow":["GET"]}}],"collection":[{"href":"https:\/\/diarioregionaldigital.com.br\/index.php?rest_route=\/wp\/v2\/posts"}],"about":[{"href":"https:\/\/diarioregionaldigital.com.br\/index.php?rest_route=\/wp\/v2\/types\/post"}],"author":[{"embeddable":true,"href":"https:\/\/diarioregionaldigital.com.br\/index.php?rest_route=\/wp\/v2\/users\/96"}],"replies":[{"embeddable":true,"href":"https:\/\/diarioregionaldigital.com.br\/index.php?rest_route=%2Fwp%2Fv2%2Fcomments&post=201423"}],"version-history":[{"count":1,"href":"https:\/\/diarioregionaldigital.com.br\/index.php?rest_route=\/wp\/v2\/posts\/201423\/revisions"}],"predecessor-version":[{"id":201424,"href":"https:\/\/diarioregionaldigital.com.br\/index.php?rest_route=\/wp\/v2\/posts\/201423\/revisions\/201424"}],"wp:attachment":[{"href":"https:\/\/diarioregionaldigital.com.br\/index.php?rest_route=%2Fwp%2Fv2%2Fmedia&parent=201423"}],"wp:term":[{"taxonomy":"category","embeddable":true,"href":"https:\/\/diarioregionaldigital.com.br\/index.php?rest_route=%2Fwp%2Fv2%2Fcategories&post=201423"},{"taxonomy":"post_tag","embeddable":true,"href":"https:\/\/diarioregionaldigital.com.br\/index.php?rest_route=%2Fwp%2Fv2%2Ftags&post=201423"}],"curies":[{"name":"wp","href":"https:\/\/api.w.org\/{rel}","templated":true}]}}