{"id":201420,"date":"2022-07-08T19:48:14","date_gmt":"2022-07-08T22:48:14","guid":{"rendered":"https:\/\/diarioregionaldigital.com.br\/?p=201420"},"modified":"2022-07-08T19:48:14","modified_gmt":"2022-07-08T22:48:14","slug":"em-quatro-dias-operacao-tapa-buracos-da-pjf-realiza-mais-de-600-recomposicoes","status":"publish","type":"post","link":"https:\/\/diarioregionaldigital.com.br\/?p=201420","title":{"rendered":"Em quatro dias, opera\u00e7\u00e3o tapa-buracos da PJF realiza mais de 600 recomposi\u00e7\u00f5es"},"content":{"rendered":"<p>Segundo informa\u00e7\u00f5es do site da Prefeitura de Juiz de Fora (PJF), em quatro dias de produ\u00e7\u00e3o intensa, a opera\u00e7\u00e3o tapa-buracos do Programa Boniteza, da Prefeitura de Juiz de Fora (PJF), realizou cerca de 611 recomposi\u00e7\u00f5es, atendendo 30 vias, em 15 bairros da cidade. Entre segunda-feira, 4, e quinta-feira, 7, foram aplicadas 382,62 toneladas de massa asf\u00e1ltica.<\/p>\n<p>As equipes da Empresa Municipal de Pavimenta\u00e7\u00e3o e Urbanidades (Empav), respons\u00e1veis pelos trabalhos de recomposi\u00e7\u00e3o asf\u00e1ltica, estiveram em diferentes regi\u00f5es do munic\u00edpio, como no N\u00e1utico, na Estrada Elias Jos\u00e9 Mockdeci, a principal do bairro. Os servi\u00e7os seguem em andamento na via, que ser\u00e1 atendida em toda a sua extens\u00e3o.<\/p>\n<p>A opera\u00e7\u00e3o tapa-buracos tamb\u00e9m segue em andamento em diversas ruas dos bairros Monte Castelo e Bela Aurora.<\/p>\n<p>Confira os bairros atendidos esta semana:<\/p>\n<p>Alto dos Passos<\/p>\n<p>Bela Aurora<\/p>\n<p>Carlos Chagas<\/p>\n<p>Cer\u00e2mica<\/p>\n<p>Dias Tavares<\/p>\n<p>Granjas Bet\u00e2nia<\/p>\n<p>Jardim Cachoeira<\/p>\n<p>Jardim Cachoeira<\/p>\n<p>N\u00e1utico<\/p>\n<p>Nova Germ\u00e2nia<\/p>\n<p>Parque Guarani<\/p>\n<p>Santa Rita<\/p>\n<p>S\u00e3o Mateus<\/p>\n<p>Teixeiras<\/p>\n<p>Vila Olavo Costa<\/p>\n<p>Vale ressaltar que a programa\u00e7\u00e3o completa das atividades realizadas pela Empav pode ser acompanhada diariamente atrav\u00e9s da p\u00e1gina do Gabinete de A\u00e7\u00e3o e Di\u00e1logo Comunit\u00e1rio, pelo\u00a0<a href=\"https:\/\/www.pjf.mg.gov.br\/gabinetecomunitario\/#onde\" target=\"_blank\" rel=\"noopener\">link<\/a>.<\/p>\n<p>Todas as a\u00e7\u00f5es de reestrutura\u00e7\u00e3o, urbaniza\u00e7\u00e3o e zeladoria realizadas pela Empav fazem parte do Programa Boniteza. Estes e outros servi\u00e7os podem ser solicitados atrav\u00e9s do Gabinete de A\u00e7\u00e3o e Di\u00e1logo Comunit\u00e1rio, que recebe e organiza pedidos relativos a interven\u00e7\u00f5es e melhorias urbanas. O contato pode ser feito por liga\u00e7\u00e3o telef\u00f4nica, pelo n\u00famero (32) 3690-7241 ou, ainda, via WhatsApp, utilizando o mesmo n\u00famero.<\/p>\n","protected":false},"excerpt":{"rendered":"<p>Segundo informa\u00e7\u00f5es do site da Prefeitura de Juiz de Fora (PJF), em quatro dias de produ\u00e7\u00e3o intensa, a opera\u00e7\u00e3o tapa-buracos do Programa Boniteza, da Prefeitura de Juiz de Fora (PJF), realizou cerca de 611 recomposi\u00e7\u00f5es, atendendo 30 vias, em 15 bairros da cidade. Entre segunda-feira, 4, e quinta-feira, 7, foram aplicadas 382,62 toneladas de massa [&hellip;]<\/p>\n","protected":false},"author":246,"featured_media":0,"comment_status":"closed","ping_status":"closed","sticky":false,"template":"","format":"standard","meta":{"footnotes":""},"categories":[253,436,439],"tags":[],"class_list":["post-201420","post","type-post","status-publish","format-standard","hentry","category-cidade","category-destaque-da-semana","category-ultima-hora"],"_links":{"self":[{"href":"https:\/\/diarioregionaldigital.com.br\/index.php?rest_route=\/wp\/v2\/posts\/201420","targetHints":{"allow":["GET"]}}],"collection":[{"href":"https:\/\/diarioregionaldigital.com.br\/index.php?rest_route=\/wp\/v2\/posts"}],"about":[{"href":"https:\/\/diarioregionaldigital.com.br\/index.php?rest_route=\/wp\/v2\/types\/post"}],"author":[{"embeddable":true,"href":"https:\/\/diarioregionaldigital.com.br\/index.php?rest_route=\/wp\/v2\/users\/246"}],"replies":[{"embeddable":true,"href":"https:\/\/diarioregionaldigital.com.br\/index.php?rest_route=%2Fwp%2Fv2%2Fcomments&post=201420"}],"version-history":[{"count":1,"href":"https:\/\/diarioregionaldigital.com.br\/index.php?rest_route=\/wp\/v2\/posts\/201420\/revisions"}],"predecessor-version":[{"id":201422,"href":"https:\/\/diarioregionaldigital.com.br\/index.php?rest_route=\/wp\/v2\/posts\/201420\/revisions\/201422"}],"wp:attachment":[{"href":"https:\/\/diarioregionaldigital.com.br\/index.php?rest_route=%2Fwp%2Fv2%2Fmedia&parent=201420"}],"wp:term":[{"taxonomy":"category","embeddable":true,"href":"https:\/\/diarioregionaldigital.com.br\/index.php?rest_route=%2Fwp%2Fv2%2Fcategories&post=201420"},{"taxonomy":"post_tag","embeddable":true,"href":"https:\/\/diarioregionaldigital.com.br\/index.php?rest_route=%2Fwp%2Fv2%2Ftags&post=201420"}],"curies":[{"name":"wp","href":"https:\/\/api.w.org\/{rel}","templated":true}]}}