{"id":201417,"date":"2022-07-08T19:45:22","date_gmt":"2022-07-08T22:45:22","guid":{"rendered":"https:\/\/diarioregionaldigital.com.br\/?p=201417"},"modified":"2022-07-08T19:45:22","modified_gmt":"2022-07-08T22:45:22","slug":"pjf-publica-chamamento-publico-para-atender-familias-de-baixa-renda-com-projetos-arquitetonicos","status":"publish","type":"post","link":"https:\/\/diarioregionaldigital.com.br\/?p=201417","title":{"rendered":"PJF publica chamamento p\u00fablico para atender fam\u00edlias de baixa renda com projetos arquitet\u00f4nicos"},"content":{"rendered":"<p>Segundo informa\u00e7\u00f5es do site da Prefeitura de Juiz de Fora (PJF), nesta segunda-feira, 11, a Prefeitura de Juiz de Fora (PJF) publica o edital de chamamento p\u00fablico para processo que ir\u00e1 selecionar 20 fam\u00edlias de baixa renda que ser\u00e3o contempladas com projetos arquitet\u00f4nicos e complementares desenvolvidos pelo novo<a href=\"https:\/\/www.pjf.mg.gov.br\/noticias\/view.php?modo=link2&amp;idnoticia2=75488\">\u00a0<strong>Escrit\u00f3rio P\u00fablico de Arquitetura e Engenharia<\/strong><\/a>. Os projetos podem abranger a\u00e7\u00f5es como amplia\u00e7\u00e3o do im\u00f3vel, reforma de telhado, instala\u00e7\u00f5es sanit\u00e1rias, entre outras, com foco em melhorar a qualidade dos ambientes. Os interessados devem atender aos crit\u00e9rios da<a href=\"https:\/\/leismunicipais.com.br\/a1\/mg\/j\/juiz-de-fora\/lei-ordinaria\/2021\/1427\/14272\/lei-ordinaria-n-14272-2021-institui-a-assistencia-tecnica-publica-para-habitacao-de-interesse-social-voltada-a-populacao-de-baixa-renda-e-da-outras-providencias\">\u00a0<strong>lei municipal n\u00ba 14.272\/21<\/strong><\/a>\u00a0e do<a href=\"https:\/\/leismunicipais.com.br\/a1\/mg\/j\/juiz-de-fora\/decreto\/2022\/1499\/14986\/decreto-n-14986-2022-regulamenta-a-lei-de-n-14272-de-04-de-novembro-de-2021-e-institui-o-escritorio-publico-de-assistencia-tecnica-para-habitacao-de-interesse-social-voltada-a-populacao-de-baixa-renda?r=p\">\u00a0<strong>decreto n\u00ba 14.986\/22<\/strong>.<\/a><br \/>\nAs inscri\u00e7\u00f5es podem ser feitas entre os dias 11 e 31 de julho, atrav\u00e9s de\u00a0<a href=\"https:\/\/forms.gle\/9gpvQC85vMvNvpcR6\"><strong>um formul\u00e1rio digital<\/strong><\/a>\u00a0ou, presencialmente, na sede da Companhia Municipal de Habita\u00e7\u00e3o e Inclus\u00e3o Produtiva (Emcasa), localizado na Avenida Brasil, 2340, Centro, de 8h30 \u00e0s 11h30 e de 13h30 \u00e0s 16h30. A previs\u00e3o \u00e9 de que o t\u00e9rmino da sele\u00e7\u00e3o dos benefici\u00e1rios ocorra em 12 de agosto. Em caso de d\u00favidas, os interessados devem entrar em contato com a companhia pelo telefone 3217-1400.<br \/>\n<strong>Escrit\u00f3rio P\u00fablico<\/strong><br \/>\nO Escrit\u00f3rio P\u00fablico de Arquitetura e Engenharia tem como objetivo prestar assist\u00eancia t\u00e9cnica para melhorias habitacionais nos im\u00f3veis da popula\u00e7\u00e3o de baixa renda do munic\u00edpio. O escrit\u00f3rio efetiva a Assist\u00eancia T\u00e9cnica para Habita\u00e7\u00e3o de Interesse Social (Athis), uma das a\u00e7\u00f5es da pol\u00edtica habitacional da cidade, prevista na lei municipal n\u00ba 14.272\/21. A Athis visa promover a redu\u00e7\u00e3o do d\u00e9ficit de im\u00f3veis constru\u00eddos de forma inadequada.<br \/>\nContratado pela Secretaria de Planejamento Urbano (Sepur), o Escrit\u00f3rio P\u00fablico \u00e9 sediado na Emcasa. Em parceria com a Subsecretaria de Prote\u00e7\u00e3o e Defesa Civil (SSPDC) da Secretaria de Governo (SG), a Emcasa \u00e9 a respons\u00e1vel pela execu\u00e7\u00e3o das a\u00e7\u00f5es propostas pelo escrit\u00f3rio, que tamb\u00e9m s\u00e3o geridas pela Subsecretaria de Habita\u00e7\u00e3o (SSUhab) da Sepur.<\/p>\n","protected":false},"excerpt":{"rendered":"<p>Segundo informa\u00e7\u00f5es do site da Prefeitura de Juiz de Fora (PJF), nesta segunda-feira, 11, a Prefeitura de Juiz de Fora (PJF) publica o edital de chamamento p\u00fablico para processo que ir\u00e1 selecionar 20 fam\u00edlias de baixa renda que ser\u00e3o contempladas com projetos arquitet\u00f4nicos e complementares desenvolvidos pelo novo\u00a0Escrit\u00f3rio P\u00fablico de Arquitetura e Engenharia. Os projetos [&hellip;]<\/p>\n","protected":false},"author":246,"featured_media":201418,"comment_status":"closed","ping_status":"closed","sticky":false,"template":"","format":"standard","meta":{"footnotes":""},"categories":[253,436,439],"tags":[],"class_list":["post-201417","post","type-post","status-publish","format-standard","has-post-thumbnail","hentry","category-cidade","category-destaque-da-semana","category-ultima-hora"],"_links":{"self":[{"href":"https:\/\/diarioregionaldigital.com.br\/index.php?rest_route=\/wp\/v2\/posts\/201417","targetHints":{"allow":["GET"]}}],"collection":[{"href":"https:\/\/diarioregionaldigital.com.br\/index.php?rest_route=\/wp\/v2\/posts"}],"about":[{"href":"https:\/\/diarioregionaldigital.com.br\/index.php?rest_route=\/wp\/v2\/types\/post"}],"author":[{"embeddable":true,"href":"https:\/\/diarioregionaldigital.com.br\/index.php?rest_route=\/wp\/v2\/users\/246"}],"replies":[{"embeddable":true,"href":"https:\/\/diarioregionaldigital.com.br\/index.php?rest_route=%2Fwp%2Fv2%2Fcomments&post=201417"}],"version-history":[{"count":1,"href":"https:\/\/diarioregionaldigital.com.br\/index.php?rest_route=\/wp\/v2\/posts\/201417\/revisions"}],"predecessor-version":[{"id":201419,"href":"https:\/\/diarioregionaldigital.com.br\/index.php?rest_route=\/wp\/v2\/posts\/201417\/revisions\/201419"}],"wp:featuredmedia":[{"embeddable":true,"href":"https:\/\/diarioregionaldigital.com.br\/index.php?rest_route=\/wp\/v2\/media\/201418"}],"wp:attachment":[{"href":"https:\/\/diarioregionaldigital.com.br\/index.php?rest_route=%2Fwp%2Fv2%2Fmedia&parent=201417"}],"wp:term":[{"taxonomy":"category","embeddable":true,"href":"https:\/\/diarioregionaldigital.com.br\/index.php?rest_route=%2Fwp%2Fv2%2Fcategories&post=201417"},{"taxonomy":"post_tag","embeddable":true,"href":"https:\/\/diarioregionaldigital.com.br\/index.php?rest_route=%2Fwp%2Fv2%2Ftags&post=201417"}],"curies":[{"name":"wp","href":"https:\/\/api.w.org\/{rel}","templated":true}]}}